{"id":19344,"date":"2022-04-22T08:00:00","date_gmt":"2022-04-22T07:00:00","guid":{"rendered":"https:\/\/www.creativeireland.gov.ie\/?post_type=news&#038;p=19344"},"modified":"2022-10-03T12:23:22","modified_gmt":"2022-10-03T11:23:22","slug":"threading-the-tain-traces-an-ancient-irish-epic","status":"publish","type":"news","link":"https:\/\/www.creativeireland.gov.ie\/en\/news\/threading-the-tain-traces-an-ancient-irish-epic\/","title":{"rendered":"&#8216;Threading the T\u00e1in&#8217; traces an ancient Irish epic"},"content":{"rendered":"","protected":false},"featured_media":19345,"menu_order":0,"template":"page-creative-nation-advanced-content.php","categories":[333,328],"news-tags":[30],"class_list":["post-19344","news","type-news","status-publish","has-post-thumbnail","hentry","category-creative-communities","category-creative-industries","news-tags-creative-communities"],"acf":[],"yoast_head":"<!-- This site is optimized with the Yoast SEO plugin v25.9 - https:\/\/yoast.com\/wordpress\/plugins\/seo\/ -->\n<title>&#039;Threading the T\u00e1in&#039; traces an ancient Irish epic - Creative Ireland Programme<\/title>\n<meta name=\"description\" content=\"Five intricate tapestries depicting scenes from the great Irish epic, T\u00e1in B\u00f3 C\u00faailnge, will be exhibited at An T\u00e1in Arts Centre from April 23rd.\" \/>\n<meta name=\"robots\" content=\"index, follow, max-snippet:-1, max-image-preview:large, max-video-preview:-1\" \/>\n<link rel=\"canonical\" href=\"https:\/\/www.creativeireland.gov.ie\/en\/news\/threading-the-tain-traces-an-ancient-irish-epic\/\" \/>\n<meta property=\"og:locale\" content=\"en_US\" \/>\n<meta property=\"og:type\" content=\"article\" \/>\n<meta property=\"og:title\" content=\"&#039;Threading the T\u00e1in&#039; traces an ancient Irish epic - Creative Ireland Programme\" \/>\n<meta property=\"og:description\" content=\"Five intricate tapestries depicting scenes from the great Irish epic, T\u00e1in B\u00f3 C\u00faailnge, will be exhibited at An T\u00e1in Arts Centre from April 23rd.\" \/>\n<meta property=\"og:url\" content=\"https:\/\/www.creativeireland.gov.ie\/en\/news\/threading-the-tain-traces-an-ancient-irish-epic\/\" \/>\n<meta property=\"og:site_name\" content=\"Creative Ireland Programme\" \/>\n<meta property=\"article:publisher\" content=\"https:\/\/www.facebook.com\/CreativeIrl\/\" \/>\n<meta property=\"article:modified_time\" content=\"2022-10-03T11:23:22+00:00\" \/>\n<meta property=\"og:image\" content=\"https:\/\/www.creativeireland.gov.ie\/app\/uploads\/2022\/04\/Volunteers-Louth-Panel-Photo-by-Sean-McMahon-scaled.jpg\" \/>\n\t<meta property=\"og:image:width\" content=\"2560\" \/>\n\t<meta property=\"og:image:height\" content=\"1440\" \/>\n\t<meta property=\"og:image:type\" content=\"image\/jpeg\" \/>\n<meta name=\"twitter:card\" content=\"summary_large_image\" \/>\n<meta name=\"twitter:site\" content=\"@creativeirl\" \/>\n<script type=\"application\/ld+json\" class=\"yoast-schema-graph\">{\"@context\":\"https:\/\/schema.org\",\"@graph\":[{\"@type\":\"WebPage\",\"@id\":\"https:\/\/www.creativeireland.gov.ie\/en\/news\/threading-the-tain-traces-an-ancient-irish-epic\/\",\"url\":\"https:\/\/www.creativeireland.gov.ie\/en\/news\/threading-the-tain-traces-an-ancient-irish-epic\/\",\"name\":\"'Threading the T\u00e1in' traces an ancient Irish epic - Creative Ireland Programme\",\"isPartOf\":{\"@id\":\"https:\/\/www.creativeireland.gov.ie\/en\/#website\"},\"primaryImageOfPage\":{\"@id\":\"https:\/\/www.creativeireland.gov.ie\/en\/news\/threading-the-tain-traces-an-ancient-irish-epic\/#primaryimage\"},\"image\":{\"@id\":\"https:\/\/www.creativeireland.gov.ie\/en\/news\/threading-the-tain-traces-an-ancient-irish-epic\/#primaryimage\"},\"thumbnailUrl\":\"https:\/\/www.creativeireland.gov.ie\/app\/uploads\/2022\/04\/Volunteers-Louth-Panel-Photo-by-Sean-McMahon-scaled.jpg\",\"datePublished\":\"2022-04-22T07:00:00+00:00\",\"dateModified\":\"2022-10-03T11:23:22+00:00\",\"description\":\"Five intricate tapestries depicting scenes from the great Irish epic, T\u00e1in B\u00f3 C\u00faailnge, will be exhibited at An T\u00e1in Arts Centre from April 23rd.\",\"breadcrumb\":{\"@id\":\"https:\/\/www.creativeireland.gov.ie\/en\/news\/threading-the-tain-traces-an-ancient-irish-epic\/#breadcrumb\"},\"inLanguage\":\"en-US\",\"potentialAction\":[{\"@type\":\"ReadAction\",\"target\":[\"https:\/\/www.creativeireland.gov.ie\/en\/news\/threading-the-tain-traces-an-ancient-irish-epic\/\"]}]},{\"@type\":\"ImageObject\",\"inLanguage\":\"en-US\",\"@id\":\"https:\/\/www.creativeireland.gov.ie\/en\/news\/threading-the-tain-traces-an-ancient-irish-epic\/#primaryimage\",\"url\":\"https:\/\/www.creativeireland.gov.ie\/app\/uploads\/2022\/04\/Volunteers-Louth-Panel-Photo-by-Sean-McMahon-scaled.jpg\",\"contentUrl\":\"https:\/\/www.creativeireland.gov.ie\/app\/uploads\/2022\/04\/Volunteers-Louth-Panel-Photo-by-Sean-McMahon-scaled.jpg\",\"width\":2560,\"height\":1440},{\"@type\":\"BreadcrumbList\",\"@id\":\"https:\/\/www.creativeireland.gov.ie\/en\/news\/threading-the-tain-traces-an-ancient-irish-epic\/#breadcrumb\",\"itemListElement\":[{\"@type\":\"ListItem\",\"position\":1,\"name\":\"Home\",\"item\":\"https:\/\/www.creativeireland.gov.ie\/en\/\"},{\"@type\":\"ListItem\",\"position\":2,\"name\":\"&#8216;Threading the T\u00e1in&#8217; traces an ancient Irish epic\"}]},{\"@type\":\"WebSite\",\"@id\":\"https:\/\/www.creativeireland.gov.ie\/en\/#website\",\"url\":\"https:\/\/www.creativeireland.gov.ie\/en\/\",\"name\":\"Creative Ireland Programme\",\"description\":\"The Creative Ireland Programme is guided by a vision that every person in Ireland will have the opportunity to realise their full creative potential. It is a five year all-of-Government initiative, from 2017 to 2022, to place creativity at the centre of public policy.\",\"potentialAction\":[{\"@type\":\"SearchAction\",\"target\":{\"@type\":\"EntryPoint\",\"urlTemplate\":\"https:\/\/www.creativeireland.gov.ie\/en\/?s={search_term_string}\"},\"query-input\":{\"@type\":\"PropertyValueSpecification\",\"valueRequired\":true,\"valueName\":\"search_term_string\"}}],\"inLanguage\":\"en-US\"}]}<\/script>\n<!-- \/ Yoast SEO plugin. -->","yoast_head_json":{"title":"'Threading the T\u00e1in' traces an ancient Irish epic - Creative Ireland Programme","description":"Five intricate tapestries depicting scenes from the great Irish epic, T\u00e1in B\u00f3 C\u00faailnge, will be exhibited at An T\u00e1in Arts Centre from April 23rd.","robots":{"index":"index","follow":"follow","max-snippet":"max-snippet:-1","max-image-preview":"max-image-preview:large","max-video-preview":"max-video-preview:-1"},"canonical":"https:\/\/www.creativeireland.gov.ie\/en\/news\/threading-the-tain-traces-an-ancient-irish-epic\/","og_locale":"en_US","og_type":"article","og_title":"'Threading the T\u00e1in' traces an ancient Irish epic - Creative Ireland Programme","og_description":"Five intricate tapestries depicting scenes from the great Irish epic, T\u00e1in B\u00f3 C\u00faailnge, will be exhibited at An T\u00e1in Arts Centre from April 23rd.","og_url":"https:\/\/www.creativeireland.gov.ie\/en\/news\/threading-the-tain-traces-an-ancient-irish-epic\/","og_site_name":"Creative Ireland Programme","article_publisher":"https:\/\/www.facebook.com\/CreativeIrl\/","article_modified_time":"2022-10-03T11:23:22+00:00","og_image":[{"width":2560,"height":1440,"url":"https:\/\/www.creativeireland.gov.ie\/app\/uploads\/2022\/04\/Volunteers-Louth-Panel-Photo-by-Sean-McMahon-scaled.jpg","type":"image\/jpeg"}],"twitter_card":"summary_large_image","twitter_site":"@creativeirl","schema":{"@context":"https:\/\/schema.org","@graph":[{"@type":"WebPage","@id":"https:\/\/www.creativeireland.gov.ie\/en\/news\/threading-the-tain-traces-an-ancient-irish-epic\/","url":"https:\/\/www.creativeireland.gov.ie\/en\/news\/threading-the-tain-traces-an-ancient-irish-epic\/","name":"'Threading the T\u00e1in' traces an ancient Irish epic - Creative Ireland Programme","isPartOf":{"@id":"https:\/\/www.creativeireland.gov.ie\/en\/#website"},"primaryImageOfPage":{"@id":"https:\/\/www.creativeireland.gov.ie\/en\/news\/threading-the-tain-traces-an-ancient-irish-epic\/#primaryimage"},"image":{"@id":"https:\/\/www.creativeireland.gov.ie\/en\/news\/threading-the-tain-traces-an-ancient-irish-epic\/#primaryimage"},"thumbnailUrl":"https:\/\/www.creativeireland.gov.ie\/app\/uploads\/2022\/04\/Volunteers-Louth-Panel-Photo-by-Sean-McMahon-scaled.jpg","datePublished":"2022-04-22T07:00:00+00:00","dateModified":"2022-10-03T11:23:22+00:00","description":"Five intricate tapestries depicting scenes from the great Irish epic, T\u00e1in B\u00f3 C\u00faailnge, will be exhibited at An T\u00e1in Arts Centre from April 23rd.","breadcrumb":{"@id":"https:\/\/www.creativeireland.gov.ie\/en\/news\/threading-the-tain-traces-an-ancient-irish-epic\/#breadcrumb"},"inLanguage":"en-US","potentialAction":[{"@type":"ReadAction","target":["https:\/\/www.creativeireland.gov.ie\/en\/news\/threading-the-tain-traces-an-ancient-irish-epic\/"]}]},{"@type":"ImageObject","inLanguage":"en-US","@id":"https:\/\/www.creativeireland.gov.ie\/en\/news\/threading-the-tain-traces-an-ancient-irish-epic\/#primaryimage","url":"https:\/\/www.creativeireland.gov.ie\/app\/uploads\/2022\/04\/Volunteers-Louth-Panel-Photo-by-Sean-McMahon-scaled.jpg","contentUrl":"https:\/\/www.creativeireland.gov.ie\/app\/uploads\/2022\/04\/Volunteers-Louth-Panel-Photo-by-Sean-McMahon-scaled.jpg","width":2560,"height":1440},{"@type":"BreadcrumbList","@id":"https:\/\/www.creativeireland.gov.ie\/en\/news\/threading-the-tain-traces-an-ancient-irish-epic\/#breadcrumb","itemListElement":[{"@type":"ListItem","position":1,"name":"Home","item":"https:\/\/www.creativeireland.gov.ie\/en\/"},{"@type":"ListItem","position":2,"name":"&#8216;Threading the T\u00e1in&#8217; traces an ancient Irish epic"}]},{"@type":"WebSite","@id":"https:\/\/www.creativeireland.gov.ie\/en\/#website","url":"https:\/\/www.creativeireland.gov.ie\/en\/","name":"Creative Ireland Programme","description":"The Creative Ireland Programme is guided by a vision that every person in Ireland will have the opportunity to realise their full creative potential. It is a five year all-of-Government initiative, from 2017 to 2022, to place creativity at the centre of public policy.","potentialAction":[{"@type":"SearchAction","target":{"@type":"EntryPoint","urlTemplate":"https:\/\/www.creativeireland.gov.ie\/en\/?s={search_term_string}"},"query-input":{"@type":"PropertyValueSpecification","valueRequired":true,"valueName":"search_term_string"}}],"inLanguage":"en-US"}]}},"_links":{"self":[{"href":"https:\/\/www.creativeireland.gov.ie\/en\/wp-json\/wp\/v2\/news\/19344","targetHints":{"allow":["GET"]}}],"collection":[{"href":"https:\/\/www.creativeireland.gov.ie\/en\/wp-json\/wp\/v2\/news"}],"about":[{"href":"https:\/\/www.creativeireland.gov.ie\/en\/wp-json\/wp\/v2\/types\/news"}],"wp:featuredmedia":[{"embeddable":true,"href":"https:\/\/www.creativeireland.gov.ie\/en\/wp-json\/wp\/v2\/media\/19345"}],"wp:attachment":[{"href":"https:\/\/www.creativeireland.gov.ie\/en\/wp-json\/wp\/v2\/media?parent=19344"}],"wp:term":[{"taxonomy":"category","embeddable":true,"href":"https:\/\/www.creativeireland.gov.ie\/en\/wp-json\/wp\/v2\/categories?post=19344"},{"taxonomy":"news-tags","embeddable":true,"href":"https:\/\/www.creativeireland.gov.ie\/en\/wp-json\/wp\/v2\/news-tags?post=19344"}],"curies":[{"name":"wp","href":"https:\/\/api.w.org\/{rel}","templated":true}]}}