{"id":16917,"date":"2021-10-27T13:09:43","date_gmt":"2021-10-27T12:09:43","guid":{"rendered":"https:\/\/www.creativeireland.gov.ie\/?post_type=news&#038;p=16917"},"modified":"2021-10-27T13:09:44","modified_gmt":"2021-10-27T12:09:44","slug":"i-am-what-i-am-2","status":"publish","type":"news","link":"https:\/\/www.creativeireland.gov.ie\/ga\/nuacht\/i-am-what-i-am-2\/","title":{"rendered":"I am What I am"},"content":{"rendered":"","protected":false},"featured_media":16912,"menu_order":0,"template":"page-creative-nation-advanced-content.php","categories":[336],"news-tags":[136,126,119],"class_list":["post-16917","news","type-news","status-publish","has-post-thumbnail","hentry","category-creative-communities-ga","news-tags-community-social-ga","news-tags-multidiscplinary-ga","news-tags-visual-art-ga"],"acf":[],"yoast_head":"<!-- This site is optimized with the Yoast SEO plugin v25.9 - https:\/\/yoast.com\/wordpress\/plugins\/seo\/ -->\n<title>I am What I am - Creative Ireland Programme<\/title>\n<meta name=\"description\" content=\"Ag tarraingt ar th\u00e9ama\u00ed na h\u00e9ags\u00falachta cult\u00fair, na f\u00e9ini\u00falachta s\u00f3isialta agus an chaidrimh idir amharceala\u00edon agus smaointe maidir le deighilt\u00ed cult\u00fair, eitneacha agus eacnama\u00edocha sa tsocha\u00ed, thug Seirbh\u00eds Eala\u00edon Chomhairle Chontae Mhaigh Eo, i gcomhph\u00e1irt\u00edocht le hIonad Eala\u00edon Bh\u00e9al an \u00c1tha, cuireadh do choime\u00e1daithe cleachtacha, at\u00e1 ag obair i gcomhth\u00e9acs na h\u00e9ags\u00falachta cult\u00fair, aighneachta\u00ed a sheoladh.\" \/>\n<meta name=\"robots\" content=\"index, follow, max-snippet:-1, max-image-preview:large, max-video-preview:-1\" \/>\n<link rel=\"canonical\" href=\"https:\/\/www.creativeireland.gov.ie\/ga\/nuacht\/i-am-what-i-am-2\/\" \/>\n<meta property=\"og:locale\" content=\"ga_IE\" \/>\n<meta property=\"og:type\" content=\"article\" \/>\n<meta property=\"og:title\" content=\"I am What I am - Creative Ireland Programme\" \/>\n<meta property=\"og:url\" content=\"https:\/\/www.creativeireland.gov.ie\/ga\/nuacht\/i-am-what-i-am-2\/\" \/>\n<meta property=\"og:site_name\" content=\"Creative Ireland Programme\" \/>\n<meta property=\"article:publisher\" content=\"https:\/\/www.facebook.com\/CreativeIrl\/\" \/>\n<meta property=\"article:modified_time\" content=\"2021-10-27T12:09:44+00:00\" \/>\n<meta property=\"og:image\" content=\"https:\/\/www.creativeireland.gov.ie\/app\/uploads\/2021\/10\/AIDS-Memorial-Quilt-1991-collaboration-with-Queer-Culture-Ireland-Image-three-1-1024x683.jpg\" \/>\n\t<meta property=\"og:image:width\" content=\"1024\" \/>\n\t<meta property=\"og:image:height\" content=\"683\" \/>\n\t<meta property=\"og:image:type\" content=\"image\/jpeg\" \/>\n<meta name=\"twitter:card\" content=\"summary_large_image\" \/>\n<meta name=\"twitter:site\" content=\"@creativeirl\" \/>\n<script type=\"application\/ld+json\" class=\"yoast-schema-graph\">{\"@context\":\"https:\/\/schema.org\",\"@graph\":[{\"@type\":\"WebPage\",\"@id\":\"https:\/\/www.creativeireland.gov.ie\/ga\/nuacht\/i-am-what-i-am-2\/\",\"url\":\"https:\/\/www.creativeireland.gov.ie\/ga\/nuacht\/i-am-what-i-am-2\/\",\"name\":\"I am What I am - Creative Ireland Programme\",\"isPartOf\":{\"@id\":\"https:\/\/www.creativeireland.gov.ie\/ga\/#website\"},\"primaryImageOfPage\":{\"@id\":\"https:\/\/www.creativeireland.gov.ie\/ga\/nuacht\/i-am-what-i-am-2\/#primaryimage\"},\"image\":{\"@id\":\"https:\/\/www.creativeireland.gov.ie\/ga\/nuacht\/i-am-what-i-am-2\/#primaryimage\"},\"thumbnailUrl\":\"https:\/\/www.creativeireland.gov.ie\/app\/uploads\/2021\/10\/AIDS-Memorial-Quilt-1991-collaboration-with-Queer-Culture-Ireland-Image-three-1.jpg\",\"datePublished\":\"2021-10-27T12:09:43+00:00\",\"dateModified\":\"2021-10-27T12:09:44+00:00\",\"breadcrumb\":{\"@id\":\"https:\/\/www.creativeireland.gov.ie\/ga\/nuacht\/i-am-what-i-am-2\/#breadcrumb\"},\"inLanguage\":\"ga-IE\",\"potentialAction\":[{\"@type\":\"ReadAction\",\"target\":[\"https:\/\/www.creativeireland.gov.ie\/ga\/nuacht\/i-am-what-i-am-2\/\"]}]},{\"@type\":\"ImageObject\",\"inLanguage\":\"ga-IE\",\"@id\":\"https:\/\/www.creativeireland.gov.ie\/ga\/nuacht\/i-am-what-i-am-2\/#primaryimage\",\"url\":\"https:\/\/www.creativeireland.gov.ie\/app\/uploads\/2021\/10\/AIDS-Memorial-Quilt-1991-collaboration-with-Queer-Culture-Ireland-Image-three-1.jpg\",\"contentUrl\":\"https:\/\/www.creativeireland.gov.ie\/app\/uploads\/2021\/10\/AIDS-Memorial-Quilt-1991-collaboration-with-Queer-Culture-Ireland-Image-three-1.jpg\",\"width\":2560,\"height\":1707},{\"@type\":\"BreadcrumbList\",\"@id\":\"https:\/\/www.creativeireland.gov.ie\/ga\/nuacht\/i-am-what-i-am-2\/#breadcrumb\",\"itemListElement\":[{\"@type\":\"ListItem\",\"position\":1,\"name\":\"Home\",\"item\":\"https:\/\/www.creativeireland.gov.ie\/ga\/\"},{\"@type\":\"ListItem\",\"position\":2,\"name\":\"I am What I am\"}]},{\"@type\":\"WebSite\",\"@id\":\"https:\/\/www.creativeireland.gov.ie\/ga\/#website\",\"url\":\"https:\/\/www.creativeireland.gov.ie\/ga\/\",\"name\":\"Creative Ireland Programme\",\"description\":\"The Creative Ireland Programme is guided by a vision that every person in Ireland will have the opportunity to realise their full creative potential. It is a five year all-of-Government initiative, from 2017 to 2022, to place creativity at the centre of public policy.\",\"potentialAction\":[{\"@type\":\"SearchAction\",\"target\":{\"@type\":\"EntryPoint\",\"urlTemplate\":\"https:\/\/www.creativeireland.gov.ie\/ga\/?s={search_term_string}\"},\"query-input\":{\"@type\":\"PropertyValueSpecification\",\"valueRequired\":true,\"valueName\":\"search_term_string\"}}],\"inLanguage\":\"ga-IE\"}]}<\/script>\n<!-- \/ Yoast SEO plugin. -->","yoast_head_json":{"title":"I am What I am - Creative Ireland Programme","description":"Ag tarraingt ar th\u00e9ama\u00ed na h\u00e9ags\u00falachta cult\u00fair, na f\u00e9ini\u00falachta s\u00f3isialta agus an chaidrimh idir amharceala\u00edon agus smaointe maidir le deighilt\u00ed cult\u00fair, eitneacha agus eacnama\u00edocha sa tsocha\u00ed, thug Seirbh\u00eds Eala\u00edon Chomhairle Chontae Mhaigh Eo, i gcomhph\u00e1irt\u00edocht le hIonad Eala\u00edon Bh\u00e9al an \u00c1tha, cuireadh do choime\u00e1daithe cleachtacha, at\u00e1 ag obair i gcomhth\u00e9acs na h\u00e9ags\u00falachta cult\u00fair, aighneachta\u00ed a sheoladh.","robots":{"index":"index","follow":"follow","max-snippet":"max-snippet:-1","max-image-preview":"max-image-preview:large","max-video-preview":"max-video-preview:-1"},"canonical":"https:\/\/www.creativeireland.gov.ie\/ga\/nuacht\/i-am-what-i-am-2\/","og_locale":"ga_IE","og_type":"article","og_title":"I am What I am - Creative Ireland Programme","og_url":"https:\/\/www.creativeireland.gov.ie\/ga\/nuacht\/i-am-what-i-am-2\/","og_site_name":"Creative Ireland Programme","article_publisher":"https:\/\/www.facebook.com\/CreativeIrl\/","article_modified_time":"2021-10-27T12:09:44+00:00","og_image":[{"width":1024,"height":683,"url":"https:\/\/www.creativeireland.gov.ie\/app\/uploads\/2021\/10\/AIDS-Memorial-Quilt-1991-collaboration-with-Queer-Culture-Ireland-Image-three-1-1024x683.jpg","type":"image\/jpeg"}],"twitter_card":"summary_large_image","twitter_site":"@creativeirl","schema":{"@context":"https:\/\/schema.org","@graph":[{"@type":"WebPage","@id":"https:\/\/www.creativeireland.gov.ie\/ga\/nuacht\/i-am-what-i-am-2\/","url":"https:\/\/www.creativeireland.gov.ie\/ga\/nuacht\/i-am-what-i-am-2\/","name":"I am What I am - Creative Ireland Programme","isPartOf":{"@id":"https:\/\/www.creativeireland.gov.ie\/ga\/#website"},"primaryImageOfPage":{"@id":"https:\/\/www.creativeireland.gov.ie\/ga\/nuacht\/i-am-what-i-am-2\/#primaryimage"},"image":{"@id":"https:\/\/www.creativeireland.gov.ie\/ga\/nuacht\/i-am-what-i-am-2\/#primaryimage"},"thumbnailUrl":"https:\/\/www.creativeireland.gov.ie\/app\/uploads\/2021\/10\/AIDS-Memorial-Quilt-1991-collaboration-with-Queer-Culture-Ireland-Image-three-1.jpg","datePublished":"2021-10-27T12:09:43+00:00","dateModified":"2021-10-27T12:09:44+00:00","breadcrumb":{"@id":"https:\/\/www.creativeireland.gov.ie\/ga\/nuacht\/i-am-what-i-am-2\/#breadcrumb"},"inLanguage":"ga-IE","potentialAction":[{"@type":"ReadAction","target":["https:\/\/www.creativeireland.gov.ie\/ga\/nuacht\/i-am-what-i-am-2\/"]}]},{"@type":"ImageObject","inLanguage":"ga-IE","@id":"https:\/\/www.creativeireland.gov.ie\/ga\/nuacht\/i-am-what-i-am-2\/#primaryimage","url":"https:\/\/www.creativeireland.gov.ie\/app\/uploads\/2021\/10\/AIDS-Memorial-Quilt-1991-collaboration-with-Queer-Culture-Ireland-Image-three-1.jpg","contentUrl":"https:\/\/www.creativeireland.gov.ie\/app\/uploads\/2021\/10\/AIDS-Memorial-Quilt-1991-collaboration-with-Queer-Culture-Ireland-Image-three-1.jpg","width":2560,"height":1707},{"@type":"BreadcrumbList","@id":"https:\/\/www.creativeireland.gov.ie\/ga\/nuacht\/i-am-what-i-am-2\/#breadcrumb","itemListElement":[{"@type":"ListItem","position":1,"name":"Home","item":"https:\/\/www.creativeireland.gov.ie\/ga\/"},{"@type":"ListItem","position":2,"name":"I am What I am"}]},{"@type":"WebSite","@id":"https:\/\/www.creativeireland.gov.ie\/ga\/#website","url":"https:\/\/www.creativeireland.gov.ie\/ga\/","name":"Creative Ireland Programme","description":"The Creative Ireland Programme is guided by a vision that every person in Ireland will have the opportunity to realise their full creative potential. It is a five year all-of-Government initiative, from 2017 to 2022, to place creativity at the centre of public policy.","potentialAction":[{"@type":"SearchAction","target":{"@type":"EntryPoint","urlTemplate":"https:\/\/www.creativeireland.gov.ie\/ga\/?s={search_term_string}"},"query-input":{"@type":"PropertyValueSpecification","valueRequired":true,"valueName":"search_term_string"}}],"inLanguage":"ga-IE"}]}},"_links":{"self":[{"href":"https:\/\/www.creativeireland.gov.ie\/ga\/wp-json\/wp\/v2\/news\/16917","targetHints":{"allow":["GET"]}}],"collection":[{"href":"https:\/\/www.creativeireland.gov.ie\/ga\/wp-json\/wp\/v2\/news"}],"about":[{"href":"https:\/\/www.creativeireland.gov.ie\/ga\/wp-json\/wp\/v2\/types\/news"}],"wp:featuredmedia":[{"embeddable":true,"href":"https:\/\/www.creativeireland.gov.ie\/ga\/wp-json\/wp\/v2\/media\/16912"}],"wp:attachment":[{"href":"https:\/\/www.creativeireland.gov.ie\/ga\/wp-json\/wp\/v2\/media?parent=16917"}],"wp:term":[{"taxonomy":"category","embeddable":true,"href":"https:\/\/www.creativeireland.gov.ie\/ga\/wp-json\/wp\/v2\/categories?post=16917"},{"taxonomy":"news-tags","embeddable":true,"href":"https:\/\/www.creativeireland.gov.ie\/ga\/wp-json\/wp\/v2\/news-tags?post=16917"}],"curies":[{"name":"wp","href":"https:\/\/api.w.org\/{rel}","templated":true}]}}