{"id":17427,"date":"2021-09-14T11:19:00","date_gmt":"2021-09-14T10:19:00","guid":{"rendered":"https:\/\/www.creativeireland.gov.ie\/news\/momentum-arts-festival-2021-lusk-rush\/"},"modified":"2021-11-16T11:38:39","modified_gmt":"2021-11-16T11:38:39","slug":"momentum-arts-festival-2021-lusk-rush","status":"publish","type":"news","link":"https:\/\/www.creativeireland.gov.ie\/ga\/nuacht\/momentum-arts-festival-2021-lusk-rush\/","title":{"rendered":"F\u00e9ile Eala\u00edon Momentum 2021: Lusca &#038; an Ros"},"content":{"rendered":"","protected":false},"featured_media":16146,"menu_order":0,"template":"page-creative-nation-advanced-content.php","categories":[336],"news-tags":[104,131,277],"class_list":["post-17427","news","type-news","status-publish","has-post-thumbnail","hentry","category-creative-communities-ga","news-tags-creative-communities-ga","news-tags-festival-ga","news-tags-fingal-ga"],"acf":[],"yoast_head":"<!-- This site is optimized with the Yoast SEO plugin v25.9 - https:\/\/yoast.com\/wordpress\/plugins\/seo\/ -->\n<title>F\u00e9ile Eala\u00edon Momentum 2021: Lusca &amp; an Ros - Creative Ireland Programme<\/title>\n<meta name=\"description\" content=\"Ar an 15 agus an 16 L\u00fanasa 2021, tugadh pobail \u00e1iti\u00fala le ch\u00e9ile ar fud 25 su\u00edomh allabhrach lasmuigh in Oirthear Fine Gall le F\u00e9ile Eala\u00edon Momentum.\" \/>\n<meta name=\"robots\" content=\"index, follow, max-snippet:-1, max-image-preview:large, max-video-preview:-1\" \/>\n<link rel=\"canonical\" href=\"https:\/\/www.creativeireland.gov.ie\/ga\/nuacht\/momentum-arts-festival-2021-lusk-rush\/\" \/>\n<meta property=\"og:locale\" content=\"ga_IE\" \/>\n<meta property=\"og:type\" content=\"article\" \/>\n<meta property=\"og:title\" content=\"F\u00e9ile Eala\u00edon Momentum 2021: Lusca &amp; an Ros - Creative Ireland Programme\" \/>\n<meta property=\"og:description\" content=\"Ar an 15 agus an 16 L\u00fanasa 2021, tugadh pobail \u00e1iti\u00fala le ch\u00e9ile ar fud 25 su\u00edomh allabhrach lasmuigh in Oirthear Fine Gall le F\u00e9ile Eala\u00edon Momentum.\" \/>\n<meta property=\"og:url\" content=\"https:\/\/www.creativeireland.gov.ie\/ga\/nuacht\/momentum-arts-festival-2021-lusk-rush\/\" \/>\n<meta property=\"og:site_name\" content=\"Creative Ireland Programme\" \/>\n<meta property=\"article:publisher\" content=\"https:\/\/www.facebook.com\/CreativeIrl\/\" \/>\n<meta property=\"article:modified_time\" content=\"2021-11-16T11:38:39+00:00\" \/>\n<meta property=\"og:image\" content=\"https:\/\/www.creativeireland.gov.ie\/app\/uploads\/2021\/09\/Pilgrims.jpg\" \/>\n\t<meta property=\"og:image:width\" content=\"1600\" \/>\n\t<meta property=\"og:image:height\" content=\"1200\" \/>\n\t<meta property=\"og:image:type\" content=\"image\/jpeg\" \/>\n<meta name=\"twitter:card\" content=\"summary_large_image\" \/>\n<meta name=\"twitter:site\" content=\"@creativeirl\" \/>\n<script type=\"application\/ld+json\" class=\"yoast-schema-graph\">{\"@context\":\"https:\/\/schema.org\",\"@graph\":[{\"@type\":\"WebPage\",\"@id\":\"https:\/\/www.creativeireland.gov.ie\/ga\/nuacht\/momentum-arts-festival-2021-lusk-rush\/\",\"url\":\"https:\/\/www.creativeireland.gov.ie\/ga\/nuacht\/momentum-arts-festival-2021-lusk-rush\/\",\"name\":\"F\u00e9ile Eala\u00edon Momentum 2021: Lusca & an Ros - Creative Ireland Programme\",\"isPartOf\":{\"@id\":\"https:\/\/www.creativeireland.gov.ie\/ga\/#website\"},\"primaryImageOfPage\":{\"@id\":\"https:\/\/www.creativeireland.gov.ie\/ga\/nuacht\/momentum-arts-festival-2021-lusk-rush\/#primaryimage\"},\"image\":{\"@id\":\"https:\/\/www.creativeireland.gov.ie\/ga\/nuacht\/momentum-arts-festival-2021-lusk-rush\/#primaryimage\"},\"thumbnailUrl\":\"https:\/\/www.creativeireland.gov.ie\/app\/uploads\/2021\/09\/Pilgrims.jpg\",\"datePublished\":\"2021-09-14T10:19:00+00:00\",\"dateModified\":\"2021-11-16T11:38:39+00:00\",\"description\":\"Ar an 15 agus an 16 L\u00fanasa 2021, tugadh pobail \u00e1iti\u00fala le ch\u00e9ile ar fud 25 su\u00edomh allabhrach lasmuigh in Oirthear Fine Gall le F\u00e9ile Eala\u00edon Momentum.\",\"breadcrumb\":{\"@id\":\"https:\/\/www.creativeireland.gov.ie\/ga\/nuacht\/momentum-arts-festival-2021-lusk-rush\/#breadcrumb\"},\"inLanguage\":\"ga-IE\",\"potentialAction\":[{\"@type\":\"ReadAction\",\"target\":[\"https:\/\/www.creativeireland.gov.ie\/ga\/nuacht\/momentum-arts-festival-2021-lusk-rush\/\"]}]},{\"@type\":\"ImageObject\",\"inLanguage\":\"ga-IE\",\"@id\":\"https:\/\/www.creativeireland.gov.ie\/ga\/nuacht\/momentum-arts-festival-2021-lusk-rush\/#primaryimage\",\"url\":\"https:\/\/www.creativeireland.gov.ie\/app\/uploads\/2021\/09\/Pilgrims.jpg\",\"contentUrl\":\"https:\/\/www.creativeireland.gov.ie\/app\/uploads\/2021\/09\/Pilgrims.jpg\",\"width\":1600,\"height\":1200,\"caption\":\"Credit: Damien B. Donnelly\"},{\"@type\":\"BreadcrumbList\",\"@id\":\"https:\/\/www.creativeireland.gov.ie\/ga\/nuacht\/momentum-arts-festival-2021-lusk-rush\/#breadcrumb\",\"itemListElement\":[{\"@type\":\"ListItem\",\"position\":1,\"name\":\"Home\",\"item\":\"https:\/\/www.creativeireland.gov.ie\/ga\/\"},{\"@type\":\"ListItem\",\"position\":2,\"name\":\"F\u00e9ile Eala\u00edon Momentum 2021: Lusca &#038; an Ros\"}]},{\"@type\":\"WebSite\",\"@id\":\"https:\/\/www.creativeireland.gov.ie\/ga\/#website\",\"url\":\"https:\/\/www.creativeireland.gov.ie\/ga\/\",\"name\":\"Creative Ireland Programme\",\"description\":\"The Creative Ireland Programme is guided by a vision that every person in Ireland will have the opportunity to realise their full creative potential. It is a five year all-of-Government initiative, from 2017 to 2022, to place creativity at the centre of public policy.\",\"potentialAction\":[{\"@type\":\"SearchAction\",\"target\":{\"@type\":\"EntryPoint\",\"urlTemplate\":\"https:\/\/www.creativeireland.gov.ie\/ga\/?s={search_term_string}\"},\"query-input\":{\"@type\":\"PropertyValueSpecification\",\"valueRequired\":true,\"valueName\":\"search_term_string\"}}],\"inLanguage\":\"ga-IE\"}]}<\/script>\n<!-- \/ Yoast SEO plugin. -->","yoast_head_json":{"title":"F\u00e9ile Eala\u00edon Momentum 2021: Lusca & an Ros - Creative Ireland Programme","description":"Ar an 15 agus an 16 L\u00fanasa 2021, tugadh pobail \u00e1iti\u00fala le ch\u00e9ile ar fud 25 su\u00edomh allabhrach lasmuigh in Oirthear Fine Gall le F\u00e9ile Eala\u00edon Momentum.","robots":{"index":"index","follow":"follow","max-snippet":"max-snippet:-1","max-image-preview":"max-image-preview:large","max-video-preview":"max-video-preview:-1"},"canonical":"https:\/\/www.creativeireland.gov.ie\/ga\/nuacht\/momentum-arts-festival-2021-lusk-rush\/","og_locale":"ga_IE","og_type":"article","og_title":"F\u00e9ile Eala\u00edon Momentum 2021: Lusca & an Ros - Creative Ireland Programme","og_description":"Ar an 15 agus an 16 L\u00fanasa 2021, tugadh pobail \u00e1iti\u00fala le ch\u00e9ile ar fud 25 su\u00edomh allabhrach lasmuigh in Oirthear Fine Gall le F\u00e9ile Eala\u00edon Momentum.","og_url":"https:\/\/www.creativeireland.gov.ie\/ga\/nuacht\/momentum-arts-festival-2021-lusk-rush\/","og_site_name":"Creative Ireland Programme","article_publisher":"https:\/\/www.facebook.com\/CreativeIrl\/","article_modified_time":"2021-11-16T11:38:39+00:00","og_image":[{"width":1600,"height":1200,"url":"https:\/\/www.creativeireland.gov.ie\/app\/uploads\/2021\/09\/Pilgrims.jpg","type":"image\/jpeg"}],"twitter_card":"summary_large_image","twitter_site":"@creativeirl","schema":{"@context":"https:\/\/schema.org","@graph":[{"@type":"WebPage","@id":"https:\/\/www.creativeireland.gov.ie\/ga\/nuacht\/momentum-arts-festival-2021-lusk-rush\/","url":"https:\/\/www.creativeireland.gov.ie\/ga\/nuacht\/momentum-arts-festival-2021-lusk-rush\/","name":"F\u00e9ile Eala\u00edon Momentum 2021: Lusca & an Ros - Creative Ireland Programme","isPartOf":{"@id":"https:\/\/www.creativeireland.gov.ie\/ga\/#website"},"primaryImageOfPage":{"@id":"https:\/\/www.creativeireland.gov.ie\/ga\/nuacht\/momentum-arts-festival-2021-lusk-rush\/#primaryimage"},"image":{"@id":"https:\/\/www.creativeireland.gov.ie\/ga\/nuacht\/momentum-arts-festival-2021-lusk-rush\/#primaryimage"},"thumbnailUrl":"https:\/\/www.creativeireland.gov.ie\/app\/uploads\/2021\/09\/Pilgrims.jpg","datePublished":"2021-09-14T10:19:00+00:00","dateModified":"2021-11-16T11:38:39+00:00","description":"Ar an 15 agus an 16 L\u00fanasa 2021, tugadh pobail \u00e1iti\u00fala le ch\u00e9ile ar fud 25 su\u00edomh allabhrach lasmuigh in Oirthear Fine Gall le F\u00e9ile Eala\u00edon Momentum.","breadcrumb":{"@id":"https:\/\/www.creativeireland.gov.ie\/ga\/nuacht\/momentum-arts-festival-2021-lusk-rush\/#breadcrumb"},"inLanguage":"ga-IE","potentialAction":[{"@type":"ReadAction","target":["https:\/\/www.creativeireland.gov.ie\/ga\/nuacht\/momentum-arts-festival-2021-lusk-rush\/"]}]},{"@type":"ImageObject","inLanguage":"ga-IE","@id":"https:\/\/www.creativeireland.gov.ie\/ga\/nuacht\/momentum-arts-festival-2021-lusk-rush\/#primaryimage","url":"https:\/\/www.creativeireland.gov.ie\/app\/uploads\/2021\/09\/Pilgrims.jpg","contentUrl":"https:\/\/www.creativeireland.gov.ie\/app\/uploads\/2021\/09\/Pilgrims.jpg","width":1600,"height":1200,"caption":"Credit: Damien B. Donnelly"},{"@type":"BreadcrumbList","@id":"https:\/\/www.creativeireland.gov.ie\/ga\/nuacht\/momentum-arts-festival-2021-lusk-rush\/#breadcrumb","itemListElement":[{"@type":"ListItem","position":1,"name":"Home","item":"https:\/\/www.creativeireland.gov.ie\/ga\/"},{"@type":"ListItem","position":2,"name":"F\u00e9ile Eala\u00edon Momentum 2021: Lusca &#038; an Ros"}]},{"@type":"WebSite","@id":"https:\/\/www.creativeireland.gov.ie\/ga\/#website","url":"https:\/\/www.creativeireland.gov.ie\/ga\/","name":"Creative Ireland Programme","description":"The Creative Ireland Programme is guided by a vision that every person in Ireland will have the opportunity to realise their full creative potential. It is a five year all-of-Government initiative, from 2017 to 2022, to place creativity at the centre of public policy.","potentialAction":[{"@type":"SearchAction","target":{"@type":"EntryPoint","urlTemplate":"https:\/\/www.creativeireland.gov.ie\/ga\/?s={search_term_string}"},"query-input":{"@type":"PropertyValueSpecification","valueRequired":true,"valueName":"search_term_string"}}],"inLanguage":"ga-IE"}]}},"_links":{"self":[{"href":"https:\/\/www.creativeireland.gov.ie\/ga\/wp-json\/wp\/v2\/news\/17427","targetHints":{"allow":["GET"]}}],"collection":[{"href":"https:\/\/www.creativeireland.gov.ie\/ga\/wp-json\/wp\/v2\/news"}],"about":[{"href":"https:\/\/www.creativeireland.gov.ie\/ga\/wp-json\/wp\/v2\/types\/news"}],"wp:featuredmedia":[{"embeddable":true,"href":"https:\/\/www.creativeireland.gov.ie\/ga\/wp-json\/wp\/v2\/media\/16146"}],"wp:attachment":[{"href":"https:\/\/www.creativeireland.gov.ie\/ga\/wp-json\/wp\/v2\/media?parent=17427"}],"wp:term":[{"taxonomy":"category","embeddable":true,"href":"https:\/\/www.creativeireland.gov.ie\/ga\/wp-json\/wp\/v2\/categories?post=17427"},{"taxonomy":"news-tags","embeddable":true,"href":"https:\/\/www.creativeireland.gov.ie\/ga\/wp-json\/wp\/v2\/news-tags?post=17427"}],"curies":[{"name":"wp","href":"https:\/\/api.w.org\/{rel}","templated":true}]}}