{"id":17560,"date":"2021-11-22T12:57:45","date_gmt":"2021-11-22T12:57:45","guid":{"rendered":"https:\/\/www.creativeireland.gov.ie\/?post_type=news&#038;p=17560"},"modified":"2021-12-07T15:42:50","modified_gmt":"2021-12-07T15:42:50","slug":"tilda-research-creative-activity-in-older-years","status":"publish","type":"news","link":"https:\/\/www.creativeireland.gov.ie\/ga\/nuacht\/tilda-research-creative-activity-in-older-years\/","title":{"rendered":"Deimhn\u00edonn taighde nua go gcuireann gn\u00edomha\u00edocht chruthaitheach dhaoine f\u00e1sta an tsl\u00e1inte agus an fholl\u00e1ine chun cinn agus go laghda\u00edonn s\u00e9 uaigneas, d\u00falagar agus strus"},"content":{"rendered":"","protected":false},"featured_media":17561,"menu_order":0,"template":"page-creative-nation-advanced-content.php","categories":[337],"news-tags":[273],"class_list":["post-17560","news","type-news","status-publish","has-post-thumbnail","hentry","category-creativity-in-older-age-ga","news-tags-research-ga"],"acf":[],"yoast_head":"<!-- This site is optimized with the Yoast SEO plugin v25.9 - https:\/\/yoast.com\/wordpress\/plugins\/seo\/ -->\n<title>Deimhn\u00edonn taighde nua go gcuireann gn\u00edomha\u00edocht chruthaitheach dhaoine f\u00e1sta an tsl\u00e1inte agus an fholl\u00e1ine chun cinn agus go laghda\u00edonn s\u00e9 uaigneas, d\u00falagar agus strus - Creative Ireland Programme<\/title>\n<meta name=\"description\" content=\"Rinneadh imscr\u00fad\u00fa sa taighde, a choimisi\u00fanaigh Cl\u00e1r \u00c9ire Ild\u00e1nach, ar an tionchar a bh\u00edonn ag gn\u00edomha\u00edocht chruthaitheach ar shaol daoine n\u00edos sine.\" \/>\n<meta name=\"robots\" content=\"index, follow, max-snippet:-1, max-image-preview:large, max-video-preview:-1\" \/>\n<link rel=\"canonical\" href=\"https:\/\/www.creativeireland.gov.ie\/ga\/nuacht\/tilda-research-creative-activity-in-older-years\/\" \/>\n<meta property=\"og:locale\" content=\"ga_IE\" \/>\n<meta property=\"og:type\" content=\"article\" \/>\n<meta property=\"og:title\" content=\"Deimhn\u00edonn taighde nua go gcuireann gn\u00edomha\u00edocht chruthaitheach dhaoine f\u00e1sta an tsl\u00e1inte agus an fholl\u00e1ine chun cinn agus go laghda\u00edonn s\u00e9 uaigneas, d\u00falagar agus strus - Creative Ireland Programme\" \/>\n<meta property=\"og:description\" content=\"Rinneadh imscr\u00fad\u00fa sa taighde, a choimisi\u00fanaigh Cl\u00e1r \u00c9ire Ild\u00e1nach, ar an tionchar a bh\u00edonn ag gn\u00edomha\u00edocht chruthaitheach ar shaol daoine n\u00edos sine.\" \/>\n<meta property=\"og:url\" content=\"https:\/\/www.creativeireland.gov.ie\/ga\/nuacht\/tilda-research-creative-activity-in-older-years\/\" \/>\n<meta property=\"og:site_name\" content=\"Creative Ireland Programme\" \/>\n<meta property=\"article:publisher\" content=\"https:\/\/www.facebook.com\/CreativeIrl\/\" \/>\n<meta property=\"article:modified_time\" content=\"2021-12-07T15:42:50+00:00\" \/>\n<meta property=\"og:image\" content=\"https:\/\/www.creativeireland.gov.ie\/app\/uploads\/2021\/11\/Doorstep-Dance-Margaret-McKenna.-IMage-by-Patrick-Bramley.jpg\" \/>\n\t<meta property=\"og:image:width\" content=\"1920\" \/>\n\t<meta property=\"og:image:height\" content=\"1080\" \/>\n\t<meta property=\"og:image:type\" content=\"image\/jpeg\" \/>\n<meta name=\"twitter:card\" content=\"summary_large_image\" \/>\n<meta name=\"twitter:site\" content=\"@creativeirl\" \/>\n<script type=\"application\/ld+json\" class=\"yoast-schema-graph\">{\"@context\":\"https:\/\/schema.org\",\"@graph\":[{\"@type\":\"WebPage\",\"@id\":\"https:\/\/www.creativeireland.gov.ie\/ga\/nuacht\/tilda-research-creative-activity-in-older-years\/\",\"url\":\"https:\/\/www.creativeireland.gov.ie\/ga\/nuacht\/tilda-research-creative-activity-in-older-years\/\",\"name\":\"Deimhn\u00edonn taighde nua go gcuireann gn\u00edomha\u00edocht chruthaitheach dhaoine f\u00e1sta an tsl\u00e1inte agus an fholl\u00e1ine chun cinn agus go laghda\u00edonn s\u00e9 uaigneas, d\u00falagar agus strus - Creative Ireland Programme\",\"isPartOf\":{\"@id\":\"https:\/\/www.creativeireland.gov.ie\/ga\/#website\"},\"primaryImageOfPage\":{\"@id\":\"https:\/\/www.creativeireland.gov.ie\/ga\/nuacht\/tilda-research-creative-activity-in-older-years\/#primaryimage\"},\"image\":{\"@id\":\"https:\/\/www.creativeireland.gov.ie\/ga\/nuacht\/tilda-research-creative-activity-in-older-years\/#primaryimage\"},\"thumbnailUrl\":\"https:\/\/www.creativeireland.gov.ie\/app\/uploads\/2021\/11\/Doorstep-Dance-Margaret-McKenna.-IMage-by-Patrick-Bramley.jpg\",\"datePublished\":\"2021-11-22T12:57:45+00:00\",\"dateModified\":\"2021-12-07T15:42:50+00:00\",\"description\":\"Rinneadh imscr\u00fad\u00fa sa taighde, a choimisi\u00fanaigh Cl\u00e1r \u00c9ire Ild\u00e1nach, ar an tionchar a bh\u00edonn ag gn\u00edomha\u00edocht chruthaitheach ar shaol daoine n\u00edos sine.\",\"breadcrumb\":{\"@id\":\"https:\/\/www.creativeireland.gov.ie\/ga\/nuacht\/tilda-research-creative-activity-in-older-years\/#breadcrumb\"},\"inLanguage\":\"ga-IE\",\"potentialAction\":[{\"@type\":\"ReadAction\",\"target\":[\"https:\/\/www.creativeireland.gov.ie\/ga\/nuacht\/tilda-research-creative-activity-in-older-years\/\"]}]},{\"@type\":\"ImageObject\",\"inLanguage\":\"ga-IE\",\"@id\":\"https:\/\/www.creativeireland.gov.ie\/ga\/nuacht\/tilda-research-creative-activity-in-older-years\/#primaryimage\",\"url\":\"https:\/\/www.creativeireland.gov.ie\/app\/uploads\/2021\/11\/Doorstep-Dance-Margaret-McKenna.-IMage-by-Patrick-Bramley.jpg\",\"contentUrl\":\"https:\/\/www.creativeireland.gov.ie\/app\/uploads\/2021\/11\/Doorstep-Dance-Margaret-McKenna.-IMage-by-Patrick-Bramley.jpg\",\"width\":1920,\"height\":1080,\"caption\":\"Lady dancing while sitting on a chair\"},{\"@type\":\"BreadcrumbList\",\"@id\":\"https:\/\/www.creativeireland.gov.ie\/ga\/nuacht\/tilda-research-creative-activity-in-older-years\/#breadcrumb\",\"itemListElement\":[{\"@type\":\"ListItem\",\"position\":1,\"name\":\"Home\",\"item\":\"https:\/\/www.creativeireland.gov.ie\/ga\/\"},{\"@type\":\"ListItem\",\"position\":2,\"name\":\"Deimhn\u00edonn taighde nua go gcuireann gn\u00edomha\u00edocht chruthaitheach dhaoine f\u00e1sta an tsl\u00e1inte agus an fholl\u00e1ine chun cinn agus go laghda\u00edonn s\u00e9 uaigneas, d\u00falagar agus strus\"}]},{\"@type\":\"WebSite\",\"@id\":\"https:\/\/www.creativeireland.gov.ie\/ga\/#website\",\"url\":\"https:\/\/www.creativeireland.gov.ie\/ga\/\",\"name\":\"Creative Ireland Programme\",\"description\":\"The Creative Ireland Programme is guided by a vision that every person in Ireland will have the opportunity to realise their full creative potential. It is a five year all-of-Government initiative, from 2017 to 2022, to place creativity at the centre of public policy.\",\"potentialAction\":[{\"@type\":\"SearchAction\",\"target\":{\"@type\":\"EntryPoint\",\"urlTemplate\":\"https:\/\/www.creativeireland.gov.ie\/ga\/?s={search_term_string}\"},\"query-input\":{\"@type\":\"PropertyValueSpecification\",\"valueRequired\":true,\"valueName\":\"search_term_string\"}}],\"inLanguage\":\"ga-IE\"}]}<\/script>\n<!-- \/ Yoast SEO plugin. -->","yoast_head_json":{"title":"Deimhn\u00edonn taighde nua go gcuireann gn\u00edomha\u00edocht chruthaitheach dhaoine f\u00e1sta an tsl\u00e1inte agus an fholl\u00e1ine chun cinn agus go laghda\u00edonn s\u00e9 uaigneas, d\u00falagar agus strus - Creative Ireland Programme","description":"Rinneadh imscr\u00fad\u00fa sa taighde, a choimisi\u00fanaigh Cl\u00e1r \u00c9ire Ild\u00e1nach, ar an tionchar a bh\u00edonn ag gn\u00edomha\u00edocht chruthaitheach ar shaol daoine n\u00edos sine.","robots":{"index":"index","follow":"follow","max-snippet":"max-snippet:-1","max-image-preview":"max-image-preview:large","max-video-preview":"max-video-preview:-1"},"canonical":"https:\/\/www.creativeireland.gov.ie\/ga\/nuacht\/tilda-research-creative-activity-in-older-years\/","og_locale":"ga_IE","og_type":"article","og_title":"Deimhn\u00edonn taighde nua go gcuireann gn\u00edomha\u00edocht chruthaitheach dhaoine f\u00e1sta an tsl\u00e1inte agus an fholl\u00e1ine chun cinn agus go laghda\u00edonn s\u00e9 uaigneas, d\u00falagar agus strus - Creative Ireland Programme","og_description":"Rinneadh imscr\u00fad\u00fa sa taighde, a choimisi\u00fanaigh Cl\u00e1r \u00c9ire Ild\u00e1nach, ar an tionchar a bh\u00edonn ag gn\u00edomha\u00edocht chruthaitheach ar shaol daoine n\u00edos sine.","og_url":"https:\/\/www.creativeireland.gov.ie\/ga\/nuacht\/tilda-research-creative-activity-in-older-years\/","og_site_name":"Creative Ireland Programme","article_publisher":"https:\/\/www.facebook.com\/CreativeIrl\/","article_modified_time":"2021-12-07T15:42:50+00:00","og_image":[{"width":1920,"height":1080,"url":"https:\/\/www.creativeireland.gov.ie\/app\/uploads\/2021\/11\/Doorstep-Dance-Margaret-McKenna.-IMage-by-Patrick-Bramley.jpg","type":"image\/jpeg"}],"twitter_card":"summary_large_image","twitter_site":"@creativeirl","schema":{"@context":"https:\/\/schema.org","@graph":[{"@type":"WebPage","@id":"https:\/\/www.creativeireland.gov.ie\/ga\/nuacht\/tilda-research-creative-activity-in-older-years\/","url":"https:\/\/www.creativeireland.gov.ie\/ga\/nuacht\/tilda-research-creative-activity-in-older-years\/","name":"Deimhn\u00edonn taighde nua go gcuireann gn\u00edomha\u00edocht chruthaitheach dhaoine f\u00e1sta an tsl\u00e1inte agus an fholl\u00e1ine chun cinn agus go laghda\u00edonn s\u00e9 uaigneas, d\u00falagar agus strus - Creative Ireland Programme","isPartOf":{"@id":"https:\/\/www.creativeireland.gov.ie\/ga\/#website"},"primaryImageOfPage":{"@id":"https:\/\/www.creativeireland.gov.ie\/ga\/nuacht\/tilda-research-creative-activity-in-older-years\/#primaryimage"},"image":{"@id":"https:\/\/www.creativeireland.gov.ie\/ga\/nuacht\/tilda-research-creative-activity-in-older-years\/#primaryimage"},"thumbnailUrl":"https:\/\/www.creativeireland.gov.ie\/app\/uploads\/2021\/11\/Doorstep-Dance-Margaret-McKenna.-IMage-by-Patrick-Bramley.jpg","datePublished":"2021-11-22T12:57:45+00:00","dateModified":"2021-12-07T15:42:50+00:00","description":"Rinneadh imscr\u00fad\u00fa sa taighde, a choimisi\u00fanaigh Cl\u00e1r \u00c9ire Ild\u00e1nach, ar an tionchar a bh\u00edonn ag gn\u00edomha\u00edocht chruthaitheach ar shaol daoine n\u00edos sine.","breadcrumb":{"@id":"https:\/\/www.creativeireland.gov.ie\/ga\/nuacht\/tilda-research-creative-activity-in-older-years\/#breadcrumb"},"inLanguage":"ga-IE","potentialAction":[{"@type":"ReadAction","target":["https:\/\/www.creativeireland.gov.ie\/ga\/nuacht\/tilda-research-creative-activity-in-older-years\/"]}]},{"@type":"ImageObject","inLanguage":"ga-IE","@id":"https:\/\/www.creativeireland.gov.ie\/ga\/nuacht\/tilda-research-creative-activity-in-older-years\/#primaryimage","url":"https:\/\/www.creativeireland.gov.ie\/app\/uploads\/2021\/11\/Doorstep-Dance-Margaret-McKenna.-IMage-by-Patrick-Bramley.jpg","contentUrl":"https:\/\/www.creativeireland.gov.ie\/app\/uploads\/2021\/11\/Doorstep-Dance-Margaret-McKenna.-IMage-by-Patrick-Bramley.jpg","width":1920,"height":1080,"caption":"Lady dancing while sitting on a chair"},{"@type":"BreadcrumbList","@id":"https:\/\/www.creativeireland.gov.ie\/ga\/nuacht\/tilda-research-creative-activity-in-older-years\/#breadcrumb","itemListElement":[{"@type":"ListItem","position":1,"name":"Home","item":"https:\/\/www.creativeireland.gov.ie\/ga\/"},{"@type":"ListItem","position":2,"name":"Deimhn\u00edonn taighde nua go gcuireann gn\u00edomha\u00edocht chruthaitheach dhaoine f\u00e1sta an tsl\u00e1inte agus an fholl\u00e1ine chun cinn agus go laghda\u00edonn s\u00e9 uaigneas, d\u00falagar agus strus"}]},{"@type":"WebSite","@id":"https:\/\/www.creativeireland.gov.ie\/ga\/#website","url":"https:\/\/www.creativeireland.gov.ie\/ga\/","name":"Creative Ireland Programme","description":"The Creative Ireland Programme is guided by a vision that every person in Ireland will have the opportunity to realise their full creative potential. It is a five year all-of-Government initiative, from 2017 to 2022, to place creativity at the centre of public policy.","potentialAction":[{"@type":"SearchAction","target":{"@type":"EntryPoint","urlTemplate":"https:\/\/www.creativeireland.gov.ie\/ga\/?s={search_term_string}"},"query-input":{"@type":"PropertyValueSpecification","valueRequired":true,"valueName":"search_term_string"}}],"inLanguage":"ga-IE"}]}},"_links":{"self":[{"href":"https:\/\/www.creativeireland.gov.ie\/ga\/wp-json\/wp\/v2\/news\/17560","targetHints":{"allow":["GET"]}}],"collection":[{"href":"https:\/\/www.creativeireland.gov.ie\/ga\/wp-json\/wp\/v2\/news"}],"about":[{"href":"https:\/\/www.creativeireland.gov.ie\/ga\/wp-json\/wp\/v2\/types\/news"}],"wp:featuredmedia":[{"embeddable":true,"href":"https:\/\/www.creativeireland.gov.ie\/ga\/wp-json\/wp\/v2\/media\/17561"}],"wp:attachment":[{"href":"https:\/\/www.creativeireland.gov.ie\/ga\/wp-json\/wp\/v2\/media?parent=17560"}],"wp:term":[{"taxonomy":"category","embeddable":true,"href":"https:\/\/www.creativeireland.gov.ie\/ga\/wp-json\/wp\/v2\/categories?post=17560"},{"taxonomy":"news-tags","embeddable":true,"href":"https:\/\/www.creativeireland.gov.ie\/ga\/wp-json\/wp\/v2\/news-tags?post=17560"}],"curies":[{"name":"wp","href":"https:\/\/api.w.org\/{rel}","templated":true}]}}