{"id":21592,"date":"2022-07-05T08:00:00","date_gmt":"2022-07-05T07:00:00","guid":{"rendered":"https:\/\/www.creativeireland.gov.ie\/news\/solar-powered-boat-brings-arts-voyage-to-banagher\/"},"modified":"2022-09-23T12:02:16","modified_gmt":"2022-09-23T11:02:16","slug":"solar-powered-boat-brings-arts-voyage-to-banagher","status":"publish","type":"news","link":"https:\/\/www.creativeireland.gov.ie\/ga\/nuacht\/solar-powered-boat-brings-arts-voyage-to-banagher\/","title":{"rendered":"Tugann b\u00e1d grianchumhachtaithe turas eala\u00edne ar Bheannchar"},"content":{"rendered":"","protected":false},"featured_media":20522,"menu_order":0,"template":"page-creative-nation-advanced-content.php","categories":[339],"news-tags":[],"class_list":["post-21592","news","type-news","status-publish","has-post-thumbnail","hentry","category-creativity-and-climate-change-ga"],"acf":[],"yoast_head":"<!-- This site is optimized with the Yoast SEO plugin v25.9 - https:\/\/yoast.com\/wordpress\/plugins\/seo\/ -->\n<title>Tugann b\u00e1d grianchumhachtaithe turas eala\u00edne ar Bheannchar - Creative Ireland Programme<\/title>\n<meta name=\"description\" content=\"Leanann an t\u00c9icea-Bh\u00e1d leis an turas ceithre mh\u00ed feadh na habhann agus tiocfaidh le c\u00e9 ag Muir\u00edne Bheannchar, Contae U\u00edbh Fhaill\u00ed, ar feadh tr\u00e1thn\u00f3na ina mbeidh eala\u00edn, eola\u00edocht agus ceardlanna ar si\u00fal an 10 I\u00fail.\" \/>\n<meta name=\"robots\" content=\"index, follow, max-snippet:-1, max-image-preview:large, max-video-preview:-1\" \/>\n<link rel=\"canonical\" href=\"https:\/\/www.creativeireland.gov.ie\/ga\/nuacht\/solar-powered-boat-brings-arts-voyage-to-banagher\/\" \/>\n<meta property=\"og:locale\" content=\"ga_IE\" \/>\n<meta property=\"og:type\" content=\"article\" \/>\n<meta property=\"og:title\" content=\"Tugann b\u00e1d grianchumhachtaithe turas eala\u00edne ar Bheannchar - Creative Ireland Programme\" \/>\n<meta property=\"og:description\" content=\"Leanann an t\u00c9icea-Bh\u00e1d leis an turas ceithre mh\u00ed feadh na habhann agus tiocfaidh le c\u00e9 ag Muir\u00edne Bheannchar, Contae U\u00edbh Fhaill\u00ed, ar feadh tr\u00e1thn\u00f3na ina mbeidh eala\u00edn, eola\u00edocht agus ceardlanna ar si\u00fal an 10 I\u00fail.\" \/>\n<meta property=\"og:url\" content=\"https:\/\/www.creativeireland.gov.ie\/ga\/nuacht\/solar-powered-boat-brings-arts-voyage-to-banagher\/\" \/>\n<meta property=\"og:site_name\" content=\"Creative Ireland Programme\" \/>\n<meta property=\"article:publisher\" content=\"https:\/\/www.facebook.com\/CreativeIrl\/\" \/>\n<meta property=\"article:modified_time\" content=\"2022-09-23T11:02:16+00:00\" \/>\n<meta property=\"og:image\" content=\"https:\/\/www.creativeireland.gov.ie\/app\/uploads\/2022\/07\/IMG-8811.jpg\" \/>\n\t<meta property=\"og:image:width\" content=\"1440\" \/>\n\t<meta property=\"og:image:height\" content=\"1080\" \/>\n\t<meta property=\"og:image:type\" content=\"image\/jpeg\" \/>\n<meta name=\"twitter:card\" content=\"summary_large_image\" \/>\n<meta name=\"twitter:site\" content=\"@creativeirl\" \/>\n<script type=\"application\/ld+json\" class=\"yoast-schema-graph\">{\"@context\":\"https:\/\/schema.org\",\"@graph\":[{\"@type\":\"WebPage\",\"@id\":\"https:\/\/www.creativeireland.gov.ie\/ga\/nuacht\/solar-powered-boat-brings-arts-voyage-to-banagher\/\",\"url\":\"https:\/\/www.creativeireland.gov.ie\/ga\/nuacht\/solar-powered-boat-brings-arts-voyage-to-banagher\/\",\"name\":\"Tugann b\u00e1d grianchumhachtaithe turas eala\u00edne ar Bheannchar - Creative Ireland Programme\",\"isPartOf\":{\"@id\":\"https:\/\/www.creativeireland.gov.ie\/ga\/#website\"},\"primaryImageOfPage\":{\"@id\":\"https:\/\/www.creativeireland.gov.ie\/ga\/nuacht\/solar-powered-boat-brings-arts-voyage-to-banagher\/#primaryimage\"},\"image\":{\"@id\":\"https:\/\/www.creativeireland.gov.ie\/ga\/nuacht\/solar-powered-boat-brings-arts-voyage-to-banagher\/#primaryimage\"},\"thumbnailUrl\":\"https:\/\/www.creativeireland.gov.ie\/app\/uploads\/2022\/07\/IMG-8811.jpg\",\"datePublished\":\"2022-07-05T07:00:00+00:00\",\"dateModified\":\"2022-09-23T11:02:16+00:00\",\"description\":\"Leanann an t\u00c9icea-Bh\u00e1d leis an turas ceithre mh\u00ed feadh na habhann agus tiocfaidh le c\u00e9 ag Muir\u00edne Bheannchar, Contae U\u00edbh Fhaill\u00ed, ar feadh tr\u00e1thn\u00f3na ina mbeidh eala\u00edn, eola\u00edocht agus ceardlanna ar si\u00fal an 10 I\u00fail.\",\"breadcrumb\":{\"@id\":\"https:\/\/www.creativeireland.gov.ie\/ga\/nuacht\/solar-powered-boat-brings-arts-voyage-to-banagher\/#breadcrumb\"},\"inLanguage\":\"ga-IE\",\"potentialAction\":[{\"@type\":\"ReadAction\",\"target\":[\"https:\/\/www.creativeireland.gov.ie\/ga\/nuacht\/solar-powered-boat-brings-arts-voyage-to-banagher\/\"]}]},{\"@type\":\"ImageObject\",\"inLanguage\":\"ga-IE\",\"@id\":\"https:\/\/www.creativeireland.gov.ie\/ga\/nuacht\/solar-powered-boat-brings-arts-voyage-to-banagher\/#primaryimage\",\"url\":\"https:\/\/www.creativeireland.gov.ie\/app\/uploads\/2022\/07\/IMG-8811.jpg\",\"contentUrl\":\"https:\/\/www.creativeireland.gov.ie\/app\/uploads\/2022\/07\/IMG-8811.jpg\",\"width\":1440,\"height\":1080},{\"@type\":\"BreadcrumbList\",\"@id\":\"https:\/\/www.creativeireland.gov.ie\/ga\/nuacht\/solar-powered-boat-brings-arts-voyage-to-banagher\/#breadcrumb\",\"itemListElement\":[{\"@type\":\"ListItem\",\"position\":1,\"name\":\"Home\",\"item\":\"https:\/\/www.creativeireland.gov.ie\/ga\/\"},{\"@type\":\"ListItem\",\"position\":2,\"name\":\"Tugann b\u00e1d grianchumhachtaithe turas eala\u00edne ar Bheannchar\"}]},{\"@type\":\"WebSite\",\"@id\":\"https:\/\/www.creativeireland.gov.ie\/ga\/#website\",\"url\":\"https:\/\/www.creativeireland.gov.ie\/ga\/\",\"name\":\"Creative Ireland Programme\",\"description\":\"The Creative Ireland Programme is guided by a vision that every person in Ireland will have the opportunity to realise their full creative potential. It is a five year all-of-Government initiative, from 2017 to 2022, to place creativity at the centre of public policy.\",\"potentialAction\":[{\"@type\":\"SearchAction\",\"target\":{\"@type\":\"EntryPoint\",\"urlTemplate\":\"https:\/\/www.creativeireland.gov.ie\/ga\/?s={search_term_string}\"},\"query-input\":{\"@type\":\"PropertyValueSpecification\",\"valueRequired\":true,\"valueName\":\"search_term_string\"}}],\"inLanguage\":\"ga-IE\"}]}<\/script>\n<!-- \/ Yoast SEO plugin. -->","yoast_head_json":{"title":"Tugann b\u00e1d grianchumhachtaithe turas eala\u00edne ar Bheannchar - Creative Ireland Programme","description":"Leanann an t\u00c9icea-Bh\u00e1d leis an turas ceithre mh\u00ed feadh na habhann agus tiocfaidh le c\u00e9 ag Muir\u00edne Bheannchar, Contae U\u00edbh Fhaill\u00ed, ar feadh tr\u00e1thn\u00f3na ina mbeidh eala\u00edn, eola\u00edocht agus ceardlanna ar si\u00fal an 10 I\u00fail.","robots":{"index":"index","follow":"follow","max-snippet":"max-snippet:-1","max-image-preview":"max-image-preview:large","max-video-preview":"max-video-preview:-1"},"canonical":"https:\/\/www.creativeireland.gov.ie\/ga\/nuacht\/solar-powered-boat-brings-arts-voyage-to-banagher\/","og_locale":"ga_IE","og_type":"article","og_title":"Tugann b\u00e1d grianchumhachtaithe turas eala\u00edne ar Bheannchar - Creative Ireland Programme","og_description":"Leanann an t\u00c9icea-Bh\u00e1d leis an turas ceithre mh\u00ed feadh na habhann agus tiocfaidh le c\u00e9 ag Muir\u00edne Bheannchar, Contae U\u00edbh Fhaill\u00ed, ar feadh tr\u00e1thn\u00f3na ina mbeidh eala\u00edn, eola\u00edocht agus ceardlanna ar si\u00fal an 10 I\u00fail.","og_url":"https:\/\/www.creativeireland.gov.ie\/ga\/nuacht\/solar-powered-boat-brings-arts-voyage-to-banagher\/","og_site_name":"Creative Ireland Programme","article_publisher":"https:\/\/www.facebook.com\/CreativeIrl\/","article_modified_time":"2022-09-23T11:02:16+00:00","og_image":[{"width":1440,"height":1080,"url":"https:\/\/www.creativeireland.gov.ie\/app\/uploads\/2022\/07\/IMG-8811.jpg","type":"image\/jpeg"}],"twitter_card":"summary_large_image","twitter_site":"@creativeirl","schema":{"@context":"https:\/\/schema.org","@graph":[{"@type":"WebPage","@id":"https:\/\/www.creativeireland.gov.ie\/ga\/nuacht\/solar-powered-boat-brings-arts-voyage-to-banagher\/","url":"https:\/\/www.creativeireland.gov.ie\/ga\/nuacht\/solar-powered-boat-brings-arts-voyage-to-banagher\/","name":"Tugann b\u00e1d grianchumhachtaithe turas eala\u00edne ar Bheannchar - Creative Ireland Programme","isPartOf":{"@id":"https:\/\/www.creativeireland.gov.ie\/ga\/#website"},"primaryImageOfPage":{"@id":"https:\/\/www.creativeireland.gov.ie\/ga\/nuacht\/solar-powered-boat-brings-arts-voyage-to-banagher\/#primaryimage"},"image":{"@id":"https:\/\/www.creativeireland.gov.ie\/ga\/nuacht\/solar-powered-boat-brings-arts-voyage-to-banagher\/#primaryimage"},"thumbnailUrl":"https:\/\/www.creativeireland.gov.ie\/app\/uploads\/2022\/07\/IMG-8811.jpg","datePublished":"2022-07-05T07:00:00+00:00","dateModified":"2022-09-23T11:02:16+00:00","description":"Leanann an t\u00c9icea-Bh\u00e1d leis an turas ceithre mh\u00ed feadh na habhann agus tiocfaidh le c\u00e9 ag Muir\u00edne Bheannchar, Contae U\u00edbh Fhaill\u00ed, ar feadh tr\u00e1thn\u00f3na ina mbeidh eala\u00edn, eola\u00edocht agus ceardlanna ar si\u00fal an 10 I\u00fail.","breadcrumb":{"@id":"https:\/\/www.creativeireland.gov.ie\/ga\/nuacht\/solar-powered-boat-brings-arts-voyage-to-banagher\/#breadcrumb"},"inLanguage":"ga-IE","potentialAction":[{"@type":"ReadAction","target":["https:\/\/www.creativeireland.gov.ie\/ga\/nuacht\/solar-powered-boat-brings-arts-voyage-to-banagher\/"]}]},{"@type":"ImageObject","inLanguage":"ga-IE","@id":"https:\/\/www.creativeireland.gov.ie\/ga\/nuacht\/solar-powered-boat-brings-arts-voyage-to-banagher\/#primaryimage","url":"https:\/\/www.creativeireland.gov.ie\/app\/uploads\/2022\/07\/IMG-8811.jpg","contentUrl":"https:\/\/www.creativeireland.gov.ie\/app\/uploads\/2022\/07\/IMG-8811.jpg","width":1440,"height":1080},{"@type":"BreadcrumbList","@id":"https:\/\/www.creativeireland.gov.ie\/ga\/nuacht\/solar-powered-boat-brings-arts-voyage-to-banagher\/#breadcrumb","itemListElement":[{"@type":"ListItem","position":1,"name":"Home","item":"https:\/\/www.creativeireland.gov.ie\/ga\/"},{"@type":"ListItem","position":2,"name":"Tugann b\u00e1d grianchumhachtaithe turas eala\u00edne ar Bheannchar"}]},{"@type":"WebSite","@id":"https:\/\/www.creativeireland.gov.ie\/ga\/#website","url":"https:\/\/www.creativeireland.gov.ie\/ga\/","name":"Creative Ireland Programme","description":"The Creative Ireland Programme is guided by a vision that every person in Ireland will have the opportunity to realise their full creative potential. It is a five year all-of-Government initiative, from 2017 to 2022, to place creativity at the centre of public policy.","potentialAction":[{"@type":"SearchAction","target":{"@type":"EntryPoint","urlTemplate":"https:\/\/www.creativeireland.gov.ie\/ga\/?s={search_term_string}"},"query-input":{"@type":"PropertyValueSpecification","valueRequired":true,"valueName":"search_term_string"}}],"inLanguage":"ga-IE"}]}},"_links":{"self":[{"href":"https:\/\/www.creativeireland.gov.ie\/ga\/wp-json\/wp\/v2\/news\/21592","targetHints":{"allow":["GET"]}}],"collection":[{"href":"https:\/\/www.creativeireland.gov.ie\/ga\/wp-json\/wp\/v2\/news"}],"about":[{"href":"https:\/\/www.creativeireland.gov.ie\/ga\/wp-json\/wp\/v2\/types\/news"}],"wp:featuredmedia":[{"embeddable":true,"href":"https:\/\/www.creativeireland.gov.ie\/ga\/wp-json\/wp\/v2\/media\/20522"}],"wp:attachment":[{"href":"https:\/\/www.creativeireland.gov.ie\/ga\/wp-json\/wp\/v2\/media?parent=21592"}],"wp:term":[{"taxonomy":"category","embeddable":true,"href":"https:\/\/www.creativeireland.gov.ie\/ga\/wp-json\/wp\/v2\/categories?post=21592"},{"taxonomy":"news-tags","embeddable":true,"href":"https:\/\/www.creativeireland.gov.ie\/ga\/wp-json\/wp\/v2\/news-tags?post=21592"}],"curies":[{"name":"wp","href":"https:\/\/api.w.org\/{rel}","templated":true}]}}