{"id":21760,"date":"2022-04-12T17:07:25","date_gmt":"2022-04-12T16:07:25","guid":{"rendered":"https:\/\/www.creativeireland.gov.ie\/news\/call-for-proposals-decarbonising-together-limerick\/"},"modified":"2022-10-03T16:37:55","modified_gmt":"2022-10-03T15:37:55","slug":"call-for-proposals-decarbonising-together-limerick","status":"publish","type":"news","link":"https:\/\/www.creativeireland.gov.ie\/ga\/nuacht\/call-for-proposals-decarbonising-together-limerick\/","title":{"rendered":"Glaoch ar iarratais: D\u00edcharb\u00f3n\u00fa Le Ch\u00e9ile, Luimneach"},"content":{"rendered":"","protected":false},"featured_media":19359,"menu_order":0,"template":"page-creative-nation-advanced-content.php","categories":[339],"news-tags":[250,297],"class_list":["post-21760","news","type-news","status-publish","has-post-thumbnail","hentry","category-creativity-and-climate-change-ga","news-tags-climate-change-ga","news-tags-creative-climate-action-fund-ga"],"acf":[],"yoast_head":"<!-- This site is optimized with the Yoast SEO plugin v25.9 - https:\/\/yoast.com\/wordpress\/plugins\/seo\/ -->\n<title>Glaoch ar iarratais: D\u00edcharb\u00f3n\u00fa Le Ch\u00e9ile, Luimneach - Creative Ireland Programme<\/title>\n<meta name=\"description\" content=\"Ag glaoch ar eala\u00edont\u00f3ir\u00ed, lucht eala\u00edon agus p\u00e1irtithe \u00f3n tionscal cruthaitheach! T\u00e1 an tionscadal seo ar son na haer\u00e1ide i Luimneach ag iarradh d\u00edcharb\u00f3n\u00fa a fhiosr\u00fa \u2013 i gcomhar libhse mar chomhoibritheoir\u00ed cruthaitheacha.\" \/>\n<meta name=\"robots\" content=\"index, follow, max-snippet:-1, max-image-preview:large, max-video-preview:-1\" \/>\n<link rel=\"canonical\" href=\"https:\/\/www.creativeireland.gov.ie\/ga\/nuacht\/call-for-proposals-decarbonising-together-limerick\/\" \/>\n<meta property=\"og:locale\" content=\"ga_IE\" \/>\n<meta property=\"og:type\" content=\"article\" \/>\n<meta property=\"og:title\" content=\"Glaoch ar iarratais: D\u00edcharb\u00f3n\u00fa Le Ch\u00e9ile, Luimneach - Creative Ireland Programme\" \/>\n<meta property=\"og:description\" content=\"Ag glaoch ar eala\u00edont\u00f3ir\u00ed, lucht eala\u00edon agus p\u00e1irtithe \u00f3n tionscal cruthaitheach! T\u00e1 an tionscadal seo ar son na haer\u00e1ide i Luimneach ag iarradh d\u00edcharb\u00f3n\u00fa a fhiosr\u00fa \u2013 i gcomhar libhse mar chomhoibritheoir\u00ed cruthaitheacha.\" \/>\n<meta property=\"og:url\" content=\"https:\/\/www.creativeireland.gov.ie\/ga\/nuacht\/call-for-proposals-decarbonising-together-limerick\/\" \/>\n<meta property=\"og:site_name\" content=\"Creative Ireland Programme\" \/>\n<meta property=\"article:publisher\" content=\"https:\/\/www.facebook.com\/CreativeIrl\/\" \/>\n<meta property=\"article:modified_time\" content=\"2022-10-03T15:37:55+00:00\" \/>\n<meta property=\"og:image\" content=\"https:\/\/www.creativeireland.gov.ie\/app\/uploads\/2022\/04\/matthias-heyde-aBGYL-ue5xo-unsplash.jpg\" \/>\n\t<meta property=\"og:image:width\" content=\"1920\" \/>\n\t<meta property=\"og:image:height\" content=\"1080\" \/>\n\t<meta property=\"og:image:type\" content=\"image\/jpeg\" \/>\n<meta name=\"twitter:card\" content=\"summary_large_image\" \/>\n<meta name=\"twitter:site\" content=\"@creativeirl\" \/>\n<script type=\"application\/ld+json\" class=\"yoast-schema-graph\">{\"@context\":\"https:\/\/schema.org\",\"@graph\":[{\"@type\":\"WebPage\",\"@id\":\"https:\/\/www.creativeireland.gov.ie\/ga\/nuacht\/call-for-proposals-decarbonising-together-limerick\/\",\"url\":\"https:\/\/www.creativeireland.gov.ie\/ga\/nuacht\/call-for-proposals-decarbonising-together-limerick\/\",\"name\":\"Glaoch ar iarratais: D\u00edcharb\u00f3n\u00fa Le Ch\u00e9ile, Luimneach - Creative Ireland Programme\",\"isPartOf\":{\"@id\":\"https:\/\/www.creativeireland.gov.ie\/ga\/#website\"},\"primaryImageOfPage\":{\"@id\":\"https:\/\/www.creativeireland.gov.ie\/ga\/nuacht\/call-for-proposals-decarbonising-together-limerick\/#primaryimage\"},\"image\":{\"@id\":\"https:\/\/www.creativeireland.gov.ie\/ga\/nuacht\/call-for-proposals-decarbonising-together-limerick\/#primaryimage\"},\"thumbnailUrl\":\"https:\/\/www.creativeireland.gov.ie\/app\/uploads\/2022\/04\/matthias-heyde-aBGYL-ue5xo-unsplash.jpg\",\"datePublished\":\"2022-04-12T16:07:25+00:00\",\"dateModified\":\"2022-10-03T15:37:55+00:00\",\"description\":\"Ag glaoch ar eala\u00edont\u00f3ir\u00ed, lucht eala\u00edon agus p\u00e1irtithe \u00f3n tionscal cruthaitheach! T\u00e1 an tionscadal seo ar son na haer\u00e1ide i Luimneach ag iarradh d\u00edcharb\u00f3n\u00fa a fhiosr\u00fa \u2013 i gcomhar libhse mar chomhoibritheoir\u00ed cruthaitheacha.\",\"breadcrumb\":{\"@id\":\"https:\/\/www.creativeireland.gov.ie\/ga\/nuacht\/call-for-proposals-decarbonising-together-limerick\/#breadcrumb\"},\"inLanguage\":\"ga-IE\",\"potentialAction\":[{\"@type\":\"ReadAction\",\"target\":[\"https:\/\/www.creativeireland.gov.ie\/ga\/nuacht\/call-for-proposals-decarbonising-together-limerick\/\"]}]},{\"@type\":\"ImageObject\",\"inLanguage\":\"ga-IE\",\"@id\":\"https:\/\/www.creativeireland.gov.ie\/ga\/nuacht\/call-for-proposals-decarbonising-together-limerick\/#primaryimage\",\"url\":\"https:\/\/www.creativeireland.gov.ie\/app\/uploads\/2022\/04\/matthias-heyde-aBGYL-ue5xo-unsplash.jpg\",\"contentUrl\":\"https:\/\/www.creativeireland.gov.ie\/app\/uploads\/2022\/04\/matthias-heyde-aBGYL-ue5xo-unsplash.jpg\",\"width\":1920,\"height\":1080},{\"@type\":\"BreadcrumbList\",\"@id\":\"https:\/\/www.creativeireland.gov.ie\/ga\/nuacht\/call-for-proposals-decarbonising-together-limerick\/#breadcrumb\",\"itemListElement\":[{\"@type\":\"ListItem\",\"position\":1,\"name\":\"Home\",\"item\":\"https:\/\/www.creativeireland.gov.ie\/ga\/\"},{\"@type\":\"ListItem\",\"position\":2,\"name\":\"Glaoch ar iarratais: D\u00edcharb\u00f3n\u00fa Le Ch\u00e9ile, Luimneach\"}]},{\"@type\":\"WebSite\",\"@id\":\"https:\/\/www.creativeireland.gov.ie\/ga\/#website\",\"url\":\"https:\/\/www.creativeireland.gov.ie\/ga\/\",\"name\":\"Creative Ireland Programme\",\"description\":\"The Creative Ireland Programme is guided by a vision that every person in Ireland will have the opportunity to realise their full creative potential. It is a five year all-of-Government initiative, from 2017 to 2022, to place creativity at the centre of public policy.\",\"potentialAction\":[{\"@type\":\"SearchAction\",\"target\":{\"@type\":\"EntryPoint\",\"urlTemplate\":\"https:\/\/www.creativeireland.gov.ie\/ga\/?s={search_term_string}\"},\"query-input\":{\"@type\":\"PropertyValueSpecification\",\"valueRequired\":true,\"valueName\":\"search_term_string\"}}],\"inLanguage\":\"ga-IE\"}]}<\/script>\n<!-- \/ Yoast SEO plugin. -->","yoast_head_json":{"title":"Glaoch ar iarratais: D\u00edcharb\u00f3n\u00fa Le Ch\u00e9ile, Luimneach - Creative Ireland Programme","description":"Ag glaoch ar eala\u00edont\u00f3ir\u00ed, lucht eala\u00edon agus p\u00e1irtithe \u00f3n tionscal cruthaitheach! T\u00e1 an tionscadal seo ar son na haer\u00e1ide i Luimneach ag iarradh d\u00edcharb\u00f3n\u00fa a fhiosr\u00fa \u2013 i gcomhar libhse mar chomhoibritheoir\u00ed cruthaitheacha.","robots":{"index":"index","follow":"follow","max-snippet":"max-snippet:-1","max-image-preview":"max-image-preview:large","max-video-preview":"max-video-preview:-1"},"canonical":"https:\/\/www.creativeireland.gov.ie\/ga\/nuacht\/call-for-proposals-decarbonising-together-limerick\/","og_locale":"ga_IE","og_type":"article","og_title":"Glaoch ar iarratais: D\u00edcharb\u00f3n\u00fa Le Ch\u00e9ile, Luimneach - Creative Ireland Programme","og_description":"Ag glaoch ar eala\u00edont\u00f3ir\u00ed, lucht eala\u00edon agus p\u00e1irtithe \u00f3n tionscal cruthaitheach! T\u00e1 an tionscadal seo ar son na haer\u00e1ide i Luimneach ag iarradh d\u00edcharb\u00f3n\u00fa a fhiosr\u00fa \u2013 i gcomhar libhse mar chomhoibritheoir\u00ed cruthaitheacha.","og_url":"https:\/\/www.creativeireland.gov.ie\/ga\/nuacht\/call-for-proposals-decarbonising-together-limerick\/","og_site_name":"Creative Ireland Programme","article_publisher":"https:\/\/www.facebook.com\/CreativeIrl\/","article_modified_time":"2022-10-03T15:37:55+00:00","og_image":[{"width":1920,"height":1080,"url":"https:\/\/www.creativeireland.gov.ie\/app\/uploads\/2022\/04\/matthias-heyde-aBGYL-ue5xo-unsplash.jpg","type":"image\/jpeg"}],"twitter_card":"summary_large_image","twitter_site":"@creativeirl","schema":{"@context":"https:\/\/schema.org","@graph":[{"@type":"WebPage","@id":"https:\/\/www.creativeireland.gov.ie\/ga\/nuacht\/call-for-proposals-decarbonising-together-limerick\/","url":"https:\/\/www.creativeireland.gov.ie\/ga\/nuacht\/call-for-proposals-decarbonising-together-limerick\/","name":"Glaoch ar iarratais: D\u00edcharb\u00f3n\u00fa Le Ch\u00e9ile, Luimneach - Creative Ireland Programme","isPartOf":{"@id":"https:\/\/www.creativeireland.gov.ie\/ga\/#website"},"primaryImageOfPage":{"@id":"https:\/\/www.creativeireland.gov.ie\/ga\/nuacht\/call-for-proposals-decarbonising-together-limerick\/#primaryimage"},"image":{"@id":"https:\/\/www.creativeireland.gov.ie\/ga\/nuacht\/call-for-proposals-decarbonising-together-limerick\/#primaryimage"},"thumbnailUrl":"https:\/\/www.creativeireland.gov.ie\/app\/uploads\/2022\/04\/matthias-heyde-aBGYL-ue5xo-unsplash.jpg","datePublished":"2022-04-12T16:07:25+00:00","dateModified":"2022-10-03T15:37:55+00:00","description":"Ag glaoch ar eala\u00edont\u00f3ir\u00ed, lucht eala\u00edon agus p\u00e1irtithe \u00f3n tionscal cruthaitheach! T\u00e1 an tionscadal seo ar son na haer\u00e1ide i Luimneach ag iarradh d\u00edcharb\u00f3n\u00fa a fhiosr\u00fa \u2013 i gcomhar libhse mar chomhoibritheoir\u00ed cruthaitheacha.","breadcrumb":{"@id":"https:\/\/www.creativeireland.gov.ie\/ga\/nuacht\/call-for-proposals-decarbonising-together-limerick\/#breadcrumb"},"inLanguage":"ga-IE","potentialAction":[{"@type":"ReadAction","target":["https:\/\/www.creativeireland.gov.ie\/ga\/nuacht\/call-for-proposals-decarbonising-together-limerick\/"]}]},{"@type":"ImageObject","inLanguage":"ga-IE","@id":"https:\/\/www.creativeireland.gov.ie\/ga\/nuacht\/call-for-proposals-decarbonising-together-limerick\/#primaryimage","url":"https:\/\/www.creativeireland.gov.ie\/app\/uploads\/2022\/04\/matthias-heyde-aBGYL-ue5xo-unsplash.jpg","contentUrl":"https:\/\/www.creativeireland.gov.ie\/app\/uploads\/2022\/04\/matthias-heyde-aBGYL-ue5xo-unsplash.jpg","width":1920,"height":1080},{"@type":"BreadcrumbList","@id":"https:\/\/www.creativeireland.gov.ie\/ga\/nuacht\/call-for-proposals-decarbonising-together-limerick\/#breadcrumb","itemListElement":[{"@type":"ListItem","position":1,"name":"Home","item":"https:\/\/www.creativeireland.gov.ie\/ga\/"},{"@type":"ListItem","position":2,"name":"Glaoch ar iarratais: D\u00edcharb\u00f3n\u00fa Le Ch\u00e9ile, Luimneach"}]},{"@type":"WebSite","@id":"https:\/\/www.creativeireland.gov.ie\/ga\/#website","url":"https:\/\/www.creativeireland.gov.ie\/ga\/","name":"Creative Ireland Programme","description":"The Creative Ireland Programme is guided by a vision that every person in Ireland will have the opportunity to realise their full creative potential. It is a five year all-of-Government initiative, from 2017 to 2022, to place creativity at the centre of public policy.","potentialAction":[{"@type":"SearchAction","target":{"@type":"EntryPoint","urlTemplate":"https:\/\/www.creativeireland.gov.ie\/ga\/?s={search_term_string}"},"query-input":{"@type":"PropertyValueSpecification","valueRequired":true,"valueName":"search_term_string"}}],"inLanguage":"ga-IE"}]}},"_links":{"self":[{"href":"https:\/\/www.creativeireland.gov.ie\/ga\/wp-json\/wp\/v2\/news\/21760","targetHints":{"allow":["GET"]}}],"collection":[{"href":"https:\/\/www.creativeireland.gov.ie\/ga\/wp-json\/wp\/v2\/news"}],"about":[{"href":"https:\/\/www.creativeireland.gov.ie\/ga\/wp-json\/wp\/v2\/types\/news"}],"wp:featuredmedia":[{"embeddable":true,"href":"https:\/\/www.creativeireland.gov.ie\/ga\/wp-json\/wp\/v2\/media\/19359"}],"wp:attachment":[{"href":"https:\/\/www.creativeireland.gov.ie\/ga\/wp-json\/wp\/v2\/media?parent=21760"}],"wp:term":[{"taxonomy":"category","embeddable":true,"href":"https:\/\/www.creativeireland.gov.ie\/ga\/wp-json\/wp\/v2\/categories?post=21760"},{"taxonomy":"news-tags","embeddable":true,"href":"https:\/\/www.creativeireland.gov.ie\/ga\/wp-json\/wp\/v2\/news-tags?post=21760"}],"curies":[{"name":"wp","href":"https:\/\/api.w.org\/{rel}","templated":true}]}}