{"id":22714,"date":"2022-09-09T10:50:00","date_gmt":"2022-09-09T09:50:00","guid":{"rendered":"https:\/\/www.creativeireland.gov.ie\/?post_type=news&#038;p=22714"},"modified":"2022-11-10T10:53:54","modified_gmt":"2022-11-10T10:53:54","slug":"eanlaith-bhithsfear-chiarrai","status":"publish","type":"news","link":"https:\/\/www.creativeireland.gov.ie\/ga\/nuacht\/eanlaith-bhithsfear-chiarrai\/","title":{"rendered":"\u00c9anlaith Bhithsf\u00e9ar Chiarra\u00ed"},"content":{"rendered":"","protected":false},"featured_media":22713,"menu_order":0,"template":"page-creative-nation-advanced-content.php","categories":[336],"news-tags":[],"class_list":["post-22714","news","type-news","status-publish","has-post-thumbnail","hentry","category-creative-communities-ga"],"acf":[],"yoast_head":"<!-- This site is optimized with the Yoast SEO plugin v25.9 - https:\/\/yoast.com\/wordpress\/plugins\/seo\/ -->\n<title>\u00c9anlaith Bhithsf\u00e9ar Chiarra\u00ed - Creative Ireland Programme<\/title>\n<meta name=\"description\" content=\"Spreagann tionscadal \u00c9anlaith Bhithsf\u00e9ar Chiarra\u00ed sp\u00e9is i limist\u00e9ir chosanta Thearmann Bithsf\u00e9ir Chiarra\u00ed agus i ngn\u00e1th\u00f3ga agus in ainmhithe an cheantair.\" \/>\n<meta name=\"robots\" content=\"index, follow, max-snippet:-1, max-image-preview:large, max-video-preview:-1\" \/>\n<link rel=\"canonical\" href=\"https:\/\/www.creativeireland.gov.ie\/ga\/nuacht\/eanlaith-bhithsfear-chiarrai\/\" \/>\n<meta property=\"og:locale\" content=\"ga_IE\" \/>\n<meta property=\"og:type\" content=\"article\" \/>\n<meta property=\"og:title\" content=\"\u00c9anlaith Bhithsf\u00e9ar Chiarra\u00ed - Creative Ireland Programme\" \/>\n<meta property=\"og:description\" content=\"Spreagann tionscadal \u00c9anlaith Bhithsf\u00e9ar Chiarra\u00ed sp\u00e9is i limist\u00e9ir chosanta Thearmann Bithsf\u00e9ir Chiarra\u00ed agus i ngn\u00e1th\u00f3ga agus in ainmhithe an cheantair.\" \/>\n<meta property=\"og:url\" content=\"https:\/\/www.creativeireland.gov.ie\/ga\/nuacht\/eanlaith-bhithsfear-chiarrai\/\" \/>\n<meta property=\"og:site_name\" content=\"Creative Ireland Programme\" \/>\n<meta property=\"article:publisher\" content=\"https:\/\/www.facebook.com\/CreativeIrl\/\" \/>\n<meta property=\"article:modified_time\" content=\"2022-11-10T10:53:54+00:00\" \/>\n<meta property=\"og:image\" content=\"https:\/\/www.creativeireland.gov.ie\/app\/uploads\/2022\/11\/Birds-of-the-Kerry-Biosphere-Gap_AllanMee.jpg\" \/>\n\t<meta property=\"og:image:width\" content=\"1280\" \/>\n\t<meta property=\"og:image:height\" content=\"960\" \/>\n\t<meta property=\"og:image:type\" content=\"image\/jpeg\" \/>\n<meta name=\"twitter:card\" content=\"summary_large_image\" \/>\n<meta name=\"twitter:site\" content=\"@creativeirl\" \/>\n<script type=\"application\/ld+json\" class=\"yoast-schema-graph\">{\"@context\":\"https:\/\/schema.org\",\"@graph\":[{\"@type\":\"WebPage\",\"@id\":\"https:\/\/www.creativeireland.gov.ie\/ga\/nuacht\/eanlaith-bhithsfear-chiarrai\/\",\"url\":\"https:\/\/www.creativeireland.gov.ie\/ga\/nuacht\/eanlaith-bhithsfear-chiarrai\/\",\"name\":\"\u00c9anlaith Bhithsf\u00e9ar Chiarra\u00ed - Creative Ireland Programme\",\"isPartOf\":{\"@id\":\"https:\/\/www.creativeireland.gov.ie\/ga\/#website\"},\"primaryImageOfPage\":{\"@id\":\"https:\/\/www.creativeireland.gov.ie\/ga\/nuacht\/eanlaith-bhithsfear-chiarrai\/#primaryimage\"},\"image\":{\"@id\":\"https:\/\/www.creativeireland.gov.ie\/ga\/nuacht\/eanlaith-bhithsfear-chiarrai\/#primaryimage\"},\"thumbnailUrl\":\"https:\/\/www.creativeireland.gov.ie\/app\/uploads\/2022\/11\/Birds-of-the-Kerry-Biosphere-Gap_AllanMee.jpg\",\"datePublished\":\"2022-09-09T09:50:00+00:00\",\"dateModified\":\"2022-11-10T10:53:54+00:00\",\"description\":\"Spreagann tionscadal \u00c9anlaith Bhithsf\u00e9ar Chiarra\u00ed sp\u00e9is i limist\u00e9ir chosanta Thearmann Bithsf\u00e9ir Chiarra\u00ed agus i ngn\u00e1th\u00f3ga agus in ainmhithe an cheantair.\",\"breadcrumb\":{\"@id\":\"https:\/\/www.creativeireland.gov.ie\/ga\/nuacht\/eanlaith-bhithsfear-chiarrai\/#breadcrumb\"},\"inLanguage\":\"ga-IE\",\"potentialAction\":[{\"@type\":\"ReadAction\",\"target\":[\"https:\/\/www.creativeireland.gov.ie\/ga\/nuacht\/eanlaith-bhithsfear-chiarrai\/\"]}]},{\"@type\":\"ImageObject\",\"inLanguage\":\"ga-IE\",\"@id\":\"https:\/\/www.creativeireland.gov.ie\/ga\/nuacht\/eanlaith-bhithsfear-chiarrai\/#primaryimage\",\"url\":\"https:\/\/www.creativeireland.gov.ie\/app\/uploads\/2022\/11\/Birds-of-the-Kerry-Biosphere-Gap_AllanMee.jpg\",\"contentUrl\":\"https:\/\/www.creativeireland.gov.ie\/app\/uploads\/2022\/11\/Birds-of-the-Kerry-Biosphere-Gap_AllanMee.jpg\",\"width\":1280,\"height\":960},{\"@type\":\"BreadcrumbList\",\"@id\":\"https:\/\/www.creativeireland.gov.ie\/ga\/nuacht\/eanlaith-bhithsfear-chiarrai\/#breadcrumb\",\"itemListElement\":[{\"@type\":\"ListItem\",\"position\":1,\"name\":\"Home\",\"item\":\"https:\/\/www.creativeireland.gov.ie\/ga\/\"},{\"@type\":\"ListItem\",\"position\":2,\"name\":\"\u00c9anlaith Bhithsf\u00e9ar Chiarra\u00ed\"}]},{\"@type\":\"WebSite\",\"@id\":\"https:\/\/www.creativeireland.gov.ie\/ga\/#website\",\"url\":\"https:\/\/www.creativeireland.gov.ie\/ga\/\",\"name\":\"Creative Ireland Programme\",\"description\":\"The Creative Ireland Programme is guided by a vision that every person in Ireland will have the opportunity to realise their full creative potential. It is a five year all-of-Government initiative, from 2017 to 2022, to place creativity at the centre of public policy.\",\"potentialAction\":[{\"@type\":\"SearchAction\",\"target\":{\"@type\":\"EntryPoint\",\"urlTemplate\":\"https:\/\/www.creativeireland.gov.ie\/ga\/?s={search_term_string}\"},\"query-input\":{\"@type\":\"PropertyValueSpecification\",\"valueRequired\":true,\"valueName\":\"search_term_string\"}}],\"inLanguage\":\"ga-IE\"}]}<\/script>\n<!-- \/ Yoast SEO plugin. -->","yoast_head_json":{"title":"\u00c9anlaith Bhithsf\u00e9ar Chiarra\u00ed - Creative Ireland Programme","description":"Spreagann tionscadal \u00c9anlaith Bhithsf\u00e9ar Chiarra\u00ed sp\u00e9is i limist\u00e9ir chosanta Thearmann Bithsf\u00e9ir Chiarra\u00ed agus i ngn\u00e1th\u00f3ga agus in ainmhithe an cheantair.","robots":{"index":"index","follow":"follow","max-snippet":"max-snippet:-1","max-image-preview":"max-image-preview:large","max-video-preview":"max-video-preview:-1"},"canonical":"https:\/\/www.creativeireland.gov.ie\/ga\/nuacht\/eanlaith-bhithsfear-chiarrai\/","og_locale":"ga_IE","og_type":"article","og_title":"\u00c9anlaith Bhithsf\u00e9ar Chiarra\u00ed - Creative Ireland Programme","og_description":"Spreagann tionscadal \u00c9anlaith Bhithsf\u00e9ar Chiarra\u00ed sp\u00e9is i limist\u00e9ir chosanta Thearmann Bithsf\u00e9ir Chiarra\u00ed agus i ngn\u00e1th\u00f3ga agus in ainmhithe an cheantair.","og_url":"https:\/\/www.creativeireland.gov.ie\/ga\/nuacht\/eanlaith-bhithsfear-chiarrai\/","og_site_name":"Creative Ireland Programme","article_publisher":"https:\/\/www.facebook.com\/CreativeIrl\/","article_modified_time":"2022-11-10T10:53:54+00:00","og_image":[{"width":1280,"height":960,"url":"https:\/\/www.creativeireland.gov.ie\/app\/uploads\/2022\/11\/Birds-of-the-Kerry-Biosphere-Gap_AllanMee.jpg","type":"image\/jpeg"}],"twitter_card":"summary_large_image","twitter_site":"@creativeirl","schema":{"@context":"https:\/\/schema.org","@graph":[{"@type":"WebPage","@id":"https:\/\/www.creativeireland.gov.ie\/ga\/nuacht\/eanlaith-bhithsfear-chiarrai\/","url":"https:\/\/www.creativeireland.gov.ie\/ga\/nuacht\/eanlaith-bhithsfear-chiarrai\/","name":"\u00c9anlaith Bhithsf\u00e9ar Chiarra\u00ed - Creative Ireland Programme","isPartOf":{"@id":"https:\/\/www.creativeireland.gov.ie\/ga\/#website"},"primaryImageOfPage":{"@id":"https:\/\/www.creativeireland.gov.ie\/ga\/nuacht\/eanlaith-bhithsfear-chiarrai\/#primaryimage"},"image":{"@id":"https:\/\/www.creativeireland.gov.ie\/ga\/nuacht\/eanlaith-bhithsfear-chiarrai\/#primaryimage"},"thumbnailUrl":"https:\/\/www.creativeireland.gov.ie\/app\/uploads\/2022\/11\/Birds-of-the-Kerry-Biosphere-Gap_AllanMee.jpg","datePublished":"2022-09-09T09:50:00+00:00","dateModified":"2022-11-10T10:53:54+00:00","description":"Spreagann tionscadal \u00c9anlaith Bhithsf\u00e9ar Chiarra\u00ed sp\u00e9is i limist\u00e9ir chosanta Thearmann Bithsf\u00e9ir Chiarra\u00ed agus i ngn\u00e1th\u00f3ga agus in ainmhithe an cheantair.","breadcrumb":{"@id":"https:\/\/www.creativeireland.gov.ie\/ga\/nuacht\/eanlaith-bhithsfear-chiarrai\/#breadcrumb"},"inLanguage":"ga-IE","potentialAction":[{"@type":"ReadAction","target":["https:\/\/www.creativeireland.gov.ie\/ga\/nuacht\/eanlaith-bhithsfear-chiarrai\/"]}]},{"@type":"ImageObject","inLanguage":"ga-IE","@id":"https:\/\/www.creativeireland.gov.ie\/ga\/nuacht\/eanlaith-bhithsfear-chiarrai\/#primaryimage","url":"https:\/\/www.creativeireland.gov.ie\/app\/uploads\/2022\/11\/Birds-of-the-Kerry-Biosphere-Gap_AllanMee.jpg","contentUrl":"https:\/\/www.creativeireland.gov.ie\/app\/uploads\/2022\/11\/Birds-of-the-Kerry-Biosphere-Gap_AllanMee.jpg","width":1280,"height":960},{"@type":"BreadcrumbList","@id":"https:\/\/www.creativeireland.gov.ie\/ga\/nuacht\/eanlaith-bhithsfear-chiarrai\/#breadcrumb","itemListElement":[{"@type":"ListItem","position":1,"name":"Home","item":"https:\/\/www.creativeireland.gov.ie\/ga\/"},{"@type":"ListItem","position":2,"name":"\u00c9anlaith Bhithsf\u00e9ar Chiarra\u00ed"}]},{"@type":"WebSite","@id":"https:\/\/www.creativeireland.gov.ie\/ga\/#website","url":"https:\/\/www.creativeireland.gov.ie\/ga\/","name":"Creative Ireland Programme","description":"The Creative Ireland Programme is guided by a vision that every person in Ireland will have the opportunity to realise their full creative potential. It is a five year all-of-Government initiative, from 2017 to 2022, to place creativity at the centre of public policy.","potentialAction":[{"@type":"SearchAction","target":{"@type":"EntryPoint","urlTemplate":"https:\/\/www.creativeireland.gov.ie\/ga\/?s={search_term_string}"},"query-input":{"@type":"PropertyValueSpecification","valueRequired":true,"valueName":"search_term_string"}}],"inLanguage":"ga-IE"}]}},"_links":{"self":[{"href":"https:\/\/www.creativeireland.gov.ie\/ga\/wp-json\/wp\/v2\/news\/22714","targetHints":{"allow":["GET"]}}],"collection":[{"href":"https:\/\/www.creativeireland.gov.ie\/ga\/wp-json\/wp\/v2\/news"}],"about":[{"href":"https:\/\/www.creativeireland.gov.ie\/ga\/wp-json\/wp\/v2\/types\/news"}],"wp:featuredmedia":[{"embeddable":true,"href":"https:\/\/www.creativeireland.gov.ie\/ga\/wp-json\/wp\/v2\/media\/22713"}],"wp:attachment":[{"href":"https:\/\/www.creativeireland.gov.ie\/ga\/wp-json\/wp\/v2\/media?parent=22714"}],"wp:term":[{"taxonomy":"category","embeddable":true,"href":"https:\/\/www.creativeireland.gov.ie\/ga\/wp-json\/wp\/v2\/categories?post=22714"},{"taxonomy":"news-tags","embeddable":true,"href":"https:\/\/www.creativeireland.gov.ie\/ga\/wp-json\/wp\/v2\/news-tags?post=22714"}],"curies":[{"name":"wp","href":"https:\/\/api.w.org\/{rel}","templated":true}]}}