{"id":22778,"date":"2022-04-30T14:00:00","date_gmt":"2022-04-30T13:00:00","guid":{"rendered":"https:\/\/www.creativeireland.gov.ie\/news\/the-sweeter-the-tune-2\/"},"modified":"2023-01-27T11:13:16","modified_gmt":"2023-01-27T11:13:16","slug":"the-sweeter-the-tune-2","status":"publish","type":"news","link":"https:\/\/www.creativeireland.gov.ie\/ga\/nuacht\/the-sweeter-the-tune-2\/","title":{"rendered":"Is Binne an Fonn\ufffc"},"content":{"rendered":"","protected":false},"featured_media":23268,"menu_order":0,"template":"page-creative-nation-advanced-content.php","categories":[336],"news-tags":[],"class_list":["post-22778","news","type-news","status-publish","has-post-thumbnail","hentry","category-creative-communities-ga"],"acf":[],"yoast_head":"<!-- This site is optimized with the Yoast SEO plugin v25.9 - https:\/\/yoast.com\/wordpress\/plugins\/seo\/ -->\n<title>Is Binne an Fonn\ufffc - Creative Ireland Programme<\/title>\n<meta name=\"description\" content=\"Cl\u00e1r d\u2019eala\u00edont\u00f3ir\u00ed n\u00edos sine agus gr\u00fapa\u00ed do dhaoine n\u00edos sine\r\n\u201cN\u00ed g\u00e1 go mbeadh teorainn le r\u00e9 na heala\u00edont\u00f3ra.\" \/>\n<meta name=\"robots\" content=\"index, follow, max-snippet:-1, max-image-preview:large, max-video-preview:-1\" \/>\n<link rel=\"canonical\" href=\"https:\/\/www.creativeireland.gov.ie\/ga\/nuacht\/the-sweeter-the-tune-2\/\" \/>\n<meta property=\"og:locale\" content=\"ga_IE\" \/>\n<meta property=\"og:type\" content=\"article\" \/>\n<meta property=\"og:title\" content=\"Is Binne an Fonn\ufffc - Creative Ireland Programme\" \/>\n<meta property=\"og:url\" content=\"https:\/\/www.creativeireland.gov.ie\/ga\/nuacht\/the-sweeter-the-tune-2\/\" \/>\n<meta property=\"og:site_name\" content=\"Creative Ireland Programme\" \/>\n<meta property=\"article:publisher\" content=\"https:\/\/www.facebook.com\/CreativeIrl\/\" \/>\n<meta property=\"article:modified_time\" content=\"2023-01-27T11:13:16+00:00\" \/>\n<meta property=\"og:image\" content=\"https:\/\/www.creativeireland.gov.ie\/app\/uploads\/2022\/04\/Leitrim-Arts-Cathy-Carmen4-scaled.jpg\" \/>\n\t<meta property=\"og:image:width\" content=\"2560\" \/>\n\t<meta property=\"og:image:height\" content=\"1707\" \/>\n\t<meta property=\"og:image:type\" content=\"image\/jpeg\" \/>\n<meta name=\"twitter:card\" content=\"summary_large_image\" \/>\n<meta name=\"twitter:site\" content=\"@creativeirl\" \/>\n<script type=\"application\/ld+json\" class=\"yoast-schema-graph\">{\"@context\":\"https:\/\/schema.org\",\"@graph\":[{\"@type\":\"WebPage\",\"@id\":\"https:\/\/www.creativeireland.gov.ie\/ga\/nuacht\/the-sweeter-the-tune-2\/\",\"url\":\"https:\/\/www.creativeireland.gov.ie\/ga\/nuacht\/the-sweeter-the-tune-2\/\",\"name\":\"Is Binne an Fonn\ufffc - Creative Ireland Programme\",\"isPartOf\":{\"@id\":\"https:\/\/www.creativeireland.gov.ie\/ga\/#website\"},\"primaryImageOfPage\":{\"@id\":\"https:\/\/www.creativeireland.gov.ie\/ga\/nuacht\/the-sweeter-the-tune-2\/#primaryimage\"},\"image\":{\"@id\":\"https:\/\/www.creativeireland.gov.ie\/ga\/nuacht\/the-sweeter-the-tune-2\/#primaryimage\"},\"thumbnailUrl\":\"https:\/\/www.creativeireland.gov.ie\/app\/uploads\/2022\/04\/Leitrim-Arts-Cathy-Carmen4-scaled.jpg\",\"datePublished\":\"2022-04-30T13:00:00+00:00\",\"dateModified\":\"2023-01-27T11:13:16+00:00\",\"breadcrumb\":{\"@id\":\"https:\/\/www.creativeireland.gov.ie\/ga\/nuacht\/the-sweeter-the-tune-2\/#breadcrumb\"},\"inLanguage\":\"ga-IE\",\"potentialAction\":[{\"@type\":\"ReadAction\",\"target\":[\"https:\/\/www.creativeireland.gov.ie\/ga\/nuacht\/the-sweeter-the-tune-2\/\"]}]},{\"@type\":\"ImageObject\",\"inLanguage\":\"ga-IE\",\"@id\":\"https:\/\/www.creativeireland.gov.ie\/ga\/nuacht\/the-sweeter-the-tune-2\/#primaryimage\",\"url\":\"https:\/\/www.creativeireland.gov.ie\/app\/uploads\/2022\/04\/Leitrim-Arts-Cathy-Carmen4-scaled.jpg\",\"contentUrl\":\"https:\/\/www.creativeireland.gov.ie\/app\/uploads\/2022\/04\/Leitrim-Arts-Cathy-Carmen4-scaled.jpg\",\"width\":2560,\"height\":1707,\"caption\":\"Oct 2022 Sculptor Cathy Carmen working with Photo Brian Farrell\"},{\"@type\":\"BreadcrumbList\",\"@id\":\"https:\/\/www.creativeireland.gov.ie\/ga\/nuacht\/the-sweeter-the-tune-2\/#breadcrumb\",\"itemListElement\":[{\"@type\":\"ListItem\",\"position\":1,\"name\":\"Home\",\"item\":\"https:\/\/www.creativeireland.gov.ie\/ga\/\"},{\"@type\":\"ListItem\",\"position\":2,\"name\":\"Is Binne an Fonn\ufffc\"}]},{\"@type\":\"WebSite\",\"@id\":\"https:\/\/www.creativeireland.gov.ie\/ga\/#website\",\"url\":\"https:\/\/www.creativeireland.gov.ie\/ga\/\",\"name\":\"Creative Ireland Programme\",\"description\":\"The Creative Ireland Programme is guided by a vision that every person in Ireland will have the opportunity to realise their full creative potential. It is a five year all-of-Government initiative, from 2017 to 2022, to place creativity at the centre of public policy.\",\"potentialAction\":[{\"@type\":\"SearchAction\",\"target\":{\"@type\":\"EntryPoint\",\"urlTemplate\":\"https:\/\/www.creativeireland.gov.ie\/ga\/?s={search_term_string}\"},\"query-input\":{\"@type\":\"PropertyValueSpecification\",\"valueRequired\":true,\"valueName\":\"search_term_string\"}}],\"inLanguage\":\"ga-IE\"}]}<\/script>\n<!-- \/ Yoast SEO plugin. -->","yoast_head_json":{"title":"Is Binne an Fonn\ufffc - Creative Ireland Programme","description":"Cl\u00e1r d\u2019eala\u00edont\u00f3ir\u00ed n\u00edos sine agus gr\u00fapa\u00ed do dhaoine n\u00edos sine\r\n\u201cN\u00ed g\u00e1 go mbeadh teorainn le r\u00e9 na heala\u00edont\u00f3ra.","robots":{"index":"index","follow":"follow","max-snippet":"max-snippet:-1","max-image-preview":"max-image-preview:large","max-video-preview":"max-video-preview:-1"},"canonical":"https:\/\/www.creativeireland.gov.ie\/ga\/nuacht\/the-sweeter-the-tune-2\/","og_locale":"ga_IE","og_type":"article","og_title":"Is Binne an Fonn\ufffc - Creative Ireland Programme","og_url":"https:\/\/www.creativeireland.gov.ie\/ga\/nuacht\/the-sweeter-the-tune-2\/","og_site_name":"Creative Ireland Programme","article_publisher":"https:\/\/www.facebook.com\/CreativeIrl\/","article_modified_time":"2023-01-27T11:13:16+00:00","og_image":[{"width":2560,"height":1707,"url":"https:\/\/www.creativeireland.gov.ie\/app\/uploads\/2022\/04\/Leitrim-Arts-Cathy-Carmen4-scaled.jpg","type":"image\/jpeg"}],"twitter_card":"summary_large_image","twitter_site":"@creativeirl","schema":{"@context":"https:\/\/schema.org","@graph":[{"@type":"WebPage","@id":"https:\/\/www.creativeireland.gov.ie\/ga\/nuacht\/the-sweeter-the-tune-2\/","url":"https:\/\/www.creativeireland.gov.ie\/ga\/nuacht\/the-sweeter-the-tune-2\/","name":"Is Binne an Fonn\ufffc - Creative Ireland Programme","isPartOf":{"@id":"https:\/\/www.creativeireland.gov.ie\/ga\/#website"},"primaryImageOfPage":{"@id":"https:\/\/www.creativeireland.gov.ie\/ga\/nuacht\/the-sweeter-the-tune-2\/#primaryimage"},"image":{"@id":"https:\/\/www.creativeireland.gov.ie\/ga\/nuacht\/the-sweeter-the-tune-2\/#primaryimage"},"thumbnailUrl":"https:\/\/www.creativeireland.gov.ie\/app\/uploads\/2022\/04\/Leitrim-Arts-Cathy-Carmen4-scaled.jpg","datePublished":"2022-04-30T13:00:00+00:00","dateModified":"2023-01-27T11:13:16+00:00","breadcrumb":{"@id":"https:\/\/www.creativeireland.gov.ie\/ga\/nuacht\/the-sweeter-the-tune-2\/#breadcrumb"},"inLanguage":"ga-IE","potentialAction":[{"@type":"ReadAction","target":["https:\/\/www.creativeireland.gov.ie\/ga\/nuacht\/the-sweeter-the-tune-2\/"]}]},{"@type":"ImageObject","inLanguage":"ga-IE","@id":"https:\/\/www.creativeireland.gov.ie\/ga\/nuacht\/the-sweeter-the-tune-2\/#primaryimage","url":"https:\/\/www.creativeireland.gov.ie\/app\/uploads\/2022\/04\/Leitrim-Arts-Cathy-Carmen4-scaled.jpg","contentUrl":"https:\/\/www.creativeireland.gov.ie\/app\/uploads\/2022\/04\/Leitrim-Arts-Cathy-Carmen4-scaled.jpg","width":2560,"height":1707,"caption":"Oct 2022 Sculptor Cathy Carmen working with Photo Brian Farrell"},{"@type":"BreadcrumbList","@id":"https:\/\/www.creativeireland.gov.ie\/ga\/nuacht\/the-sweeter-the-tune-2\/#breadcrumb","itemListElement":[{"@type":"ListItem","position":1,"name":"Home","item":"https:\/\/www.creativeireland.gov.ie\/ga\/"},{"@type":"ListItem","position":2,"name":"Is Binne an Fonn\ufffc"}]},{"@type":"WebSite","@id":"https:\/\/www.creativeireland.gov.ie\/ga\/#website","url":"https:\/\/www.creativeireland.gov.ie\/ga\/","name":"Creative Ireland Programme","description":"The Creative Ireland Programme is guided by a vision that every person in Ireland will have the opportunity to realise their full creative potential. It is a five year all-of-Government initiative, from 2017 to 2022, to place creativity at the centre of public policy.","potentialAction":[{"@type":"SearchAction","target":{"@type":"EntryPoint","urlTemplate":"https:\/\/www.creativeireland.gov.ie\/ga\/?s={search_term_string}"},"query-input":{"@type":"PropertyValueSpecification","valueRequired":true,"valueName":"search_term_string"}}],"inLanguage":"ga-IE"}]}},"_links":{"self":[{"href":"https:\/\/www.creativeireland.gov.ie\/ga\/wp-json\/wp\/v2\/news\/22778","targetHints":{"allow":["GET"]}}],"collection":[{"href":"https:\/\/www.creativeireland.gov.ie\/ga\/wp-json\/wp\/v2\/news"}],"about":[{"href":"https:\/\/www.creativeireland.gov.ie\/ga\/wp-json\/wp\/v2\/types\/news"}],"wp:featuredmedia":[{"embeddable":true,"href":"https:\/\/www.creativeireland.gov.ie\/ga\/wp-json\/wp\/v2\/media\/23268"}],"wp:attachment":[{"href":"https:\/\/www.creativeireland.gov.ie\/ga\/wp-json\/wp\/v2\/media?parent=22778"}],"wp:term":[{"taxonomy":"category","embeddable":true,"href":"https:\/\/www.creativeireland.gov.ie\/ga\/wp-json\/wp\/v2\/categories?post=22778"},{"taxonomy":"news-tags","embeddable":true,"href":"https:\/\/www.creativeireland.gov.ie\/ga\/wp-json\/wp\/v2\/news-tags?post=22778"}],"curies":[{"name":"wp","href":"https:\/\/api.w.org\/{rel}","templated":true}]}}