{"id":23535,"date":"2021-02-17T17:04:43","date_gmt":"2021-02-17T17:04:43","guid":{"rendered":"https:\/\/www.creativeireland.gov.ie\/news\/knitted-together\/"},"modified":"2023-02-23T15:08:45","modified_gmt":"2023-02-23T15:08:45","slug":"knitted-together","status":"publish","type":"news","link":"https:\/\/www.creativeireland.gov.ie\/ga\/nuacht\/knitted-together\/","title":{"rendered":"Knitted Together"},"content":{"rendered":"","protected":false},"featured_media":13237,"menu_order":0,"template":"page-creative-nation-advanced-content.php","categories":[336],"news-tags":[],"class_list":["post-23535","news","type-news","status-publish","has-post-thumbnail","hentry","category-creative-communities-ga"],"acf":[],"yoast_head":"<!-- This site is optimized with the Yoast SEO plugin v25.9 - https:\/\/yoast.com\/wordpress\/plugins\/seo\/ -->\n<title>Knitted Together - Creative Ireland Programme<\/title>\n<meta name=\"description\" content=\"In 2020 chuir Oifig Eala\u00edon Chomhairle Contae Chill Chainnigh t\u00fas leis an tionscadal pluide \u2018Knitted Together\u2019 chun cabhr\u00fa le Elkana Charity, carthanas do leana\u00ed san Afraic Theas agus le roinnt carthanas \u00e1iti\u00fail.\" \/>\n<meta name=\"robots\" content=\"index, follow, max-snippet:-1, max-image-preview:large, max-video-preview:-1\" \/>\n<link rel=\"canonical\" href=\"https:\/\/www.creativeireland.gov.ie\/ga\/nuacht\/knitted-together\/\" \/>\n<meta property=\"og:locale\" content=\"ga_IE\" \/>\n<meta property=\"og:type\" content=\"article\" \/>\n<meta property=\"og:title\" content=\"Knitted Together - Creative Ireland Programme\" \/>\n<meta property=\"og:description\" content=\"In 2020 chuir Oifig Eala\u00edon Chomhairle Contae Chill Chainnigh t\u00fas leis an tionscadal pluide \u2018Knitted Together\u2019 chun cabhr\u00fa le Elkana Charity, carthanas do leana\u00ed san Afraic Theas agus le roinnt carthanas \u00e1iti\u00fail.\" \/>\n<meta property=\"og:url\" content=\"https:\/\/www.creativeireland.gov.ie\/ga\/nuacht\/knitted-together\/\" \/>\n<meta property=\"og:site_name\" content=\"Creative Ireland Programme\" \/>\n<meta property=\"article:publisher\" content=\"https:\/\/www.facebook.com\/CreativeIrl\/\" \/>\n<meta property=\"article:modified_time\" content=\"2023-02-23T15:08:45+00:00\" \/>\n<meta property=\"og:image\" content=\"https:\/\/www.creativeireland.gov.ie\/app\/uploads\/2021\/02\/Screenshot-2021-02-17-at-16.59.41.png\" \/>\n\t<meta property=\"og:image:width\" content=\"1175\" \/>\n\t<meta property=\"og:image:height\" content=\"756\" \/>\n\t<meta property=\"og:image:type\" content=\"image\/png\" \/>\n<meta name=\"twitter:card\" content=\"summary_large_image\" \/>\n<meta name=\"twitter:site\" content=\"@creativeirl\" \/>\n<script type=\"application\/ld+json\" class=\"yoast-schema-graph\">{\"@context\":\"https:\/\/schema.org\",\"@graph\":[{\"@type\":\"WebPage\",\"@id\":\"https:\/\/www.creativeireland.gov.ie\/ga\/nuacht\/knitted-together\/\",\"url\":\"https:\/\/www.creativeireland.gov.ie\/ga\/nuacht\/knitted-together\/\",\"name\":\"Knitted Together - Creative Ireland Programme\",\"isPartOf\":{\"@id\":\"https:\/\/www.creativeireland.gov.ie\/ga\/#website\"},\"primaryImageOfPage\":{\"@id\":\"https:\/\/www.creativeireland.gov.ie\/ga\/nuacht\/knitted-together\/#primaryimage\"},\"image\":{\"@id\":\"https:\/\/www.creativeireland.gov.ie\/ga\/nuacht\/knitted-together\/#primaryimage\"},\"thumbnailUrl\":\"https:\/\/www.creativeireland.gov.ie\/app\/uploads\/2021\/02\/Screenshot-2021-02-17-at-16.59.41.png\",\"datePublished\":\"2021-02-17T17:04:43+00:00\",\"dateModified\":\"2023-02-23T15:08:45+00:00\",\"description\":\"In 2020 chuir Oifig Eala\u00edon Chomhairle Contae Chill Chainnigh t\u00fas leis an tionscadal pluide \u2018Knitted Together\u2019 chun cabhr\u00fa le Elkana Charity, carthanas do leana\u00ed san Afraic Theas agus le roinnt carthanas \u00e1iti\u00fail.\",\"breadcrumb\":{\"@id\":\"https:\/\/www.creativeireland.gov.ie\/ga\/nuacht\/knitted-together\/#breadcrumb\"},\"inLanguage\":\"ga-IE\",\"potentialAction\":[{\"@type\":\"ReadAction\",\"target\":[\"https:\/\/www.creativeireland.gov.ie\/ga\/nuacht\/knitted-together\/\"]}]},{\"@type\":\"ImageObject\",\"inLanguage\":\"ga-IE\",\"@id\":\"https:\/\/www.creativeireland.gov.ie\/ga\/nuacht\/knitted-together\/#primaryimage\",\"url\":\"https:\/\/www.creativeireland.gov.ie\/app\/uploads\/2021\/02\/Screenshot-2021-02-17-at-16.59.41.png\",\"contentUrl\":\"https:\/\/www.creativeireland.gov.ie\/app\/uploads\/2021\/02\/Screenshot-2021-02-17-at-16.59.41.png\",\"width\":1175,\"height\":756},{\"@type\":\"BreadcrumbList\",\"@id\":\"https:\/\/www.creativeireland.gov.ie\/ga\/nuacht\/knitted-together\/#breadcrumb\",\"itemListElement\":[{\"@type\":\"ListItem\",\"position\":1,\"name\":\"Home\",\"item\":\"https:\/\/www.creativeireland.gov.ie\/ga\/\"},{\"@type\":\"ListItem\",\"position\":2,\"name\":\"Knitted Together\"}]},{\"@type\":\"WebSite\",\"@id\":\"https:\/\/www.creativeireland.gov.ie\/ga\/#website\",\"url\":\"https:\/\/www.creativeireland.gov.ie\/ga\/\",\"name\":\"Creative Ireland Programme\",\"description\":\"The Creative Ireland Programme is guided by a vision that every person in Ireland will have the opportunity to realise their full creative potential. It is a five year all-of-Government initiative, from 2017 to 2022, to place creativity at the centre of public policy.\",\"potentialAction\":[{\"@type\":\"SearchAction\",\"target\":{\"@type\":\"EntryPoint\",\"urlTemplate\":\"https:\/\/www.creativeireland.gov.ie\/ga\/?s={search_term_string}\"},\"query-input\":{\"@type\":\"PropertyValueSpecification\",\"valueRequired\":true,\"valueName\":\"search_term_string\"}}],\"inLanguage\":\"ga-IE\"}]}<\/script>\n<!-- \/ Yoast SEO plugin. -->","yoast_head_json":{"title":"Knitted Together - Creative Ireland Programme","description":"In 2020 chuir Oifig Eala\u00edon Chomhairle Contae Chill Chainnigh t\u00fas leis an tionscadal pluide \u2018Knitted Together\u2019 chun cabhr\u00fa le Elkana Charity, carthanas do leana\u00ed san Afraic Theas agus le roinnt carthanas \u00e1iti\u00fail.","robots":{"index":"index","follow":"follow","max-snippet":"max-snippet:-1","max-image-preview":"max-image-preview:large","max-video-preview":"max-video-preview:-1"},"canonical":"https:\/\/www.creativeireland.gov.ie\/ga\/nuacht\/knitted-together\/","og_locale":"ga_IE","og_type":"article","og_title":"Knitted Together - Creative Ireland Programme","og_description":"In 2020 chuir Oifig Eala\u00edon Chomhairle Contae Chill Chainnigh t\u00fas leis an tionscadal pluide \u2018Knitted Together\u2019 chun cabhr\u00fa le Elkana Charity, carthanas do leana\u00ed san Afraic Theas agus le roinnt carthanas \u00e1iti\u00fail.","og_url":"https:\/\/www.creativeireland.gov.ie\/ga\/nuacht\/knitted-together\/","og_site_name":"Creative Ireland Programme","article_publisher":"https:\/\/www.facebook.com\/CreativeIrl\/","article_modified_time":"2023-02-23T15:08:45+00:00","og_image":[{"width":1175,"height":756,"url":"https:\/\/www.creativeireland.gov.ie\/app\/uploads\/2021\/02\/Screenshot-2021-02-17-at-16.59.41.png","type":"image\/png"}],"twitter_card":"summary_large_image","twitter_site":"@creativeirl","schema":{"@context":"https:\/\/schema.org","@graph":[{"@type":"WebPage","@id":"https:\/\/www.creativeireland.gov.ie\/ga\/nuacht\/knitted-together\/","url":"https:\/\/www.creativeireland.gov.ie\/ga\/nuacht\/knitted-together\/","name":"Knitted Together - Creative Ireland Programme","isPartOf":{"@id":"https:\/\/www.creativeireland.gov.ie\/ga\/#website"},"primaryImageOfPage":{"@id":"https:\/\/www.creativeireland.gov.ie\/ga\/nuacht\/knitted-together\/#primaryimage"},"image":{"@id":"https:\/\/www.creativeireland.gov.ie\/ga\/nuacht\/knitted-together\/#primaryimage"},"thumbnailUrl":"https:\/\/www.creativeireland.gov.ie\/app\/uploads\/2021\/02\/Screenshot-2021-02-17-at-16.59.41.png","datePublished":"2021-02-17T17:04:43+00:00","dateModified":"2023-02-23T15:08:45+00:00","description":"In 2020 chuir Oifig Eala\u00edon Chomhairle Contae Chill Chainnigh t\u00fas leis an tionscadal pluide \u2018Knitted Together\u2019 chun cabhr\u00fa le Elkana Charity, carthanas do leana\u00ed san Afraic Theas agus le roinnt carthanas \u00e1iti\u00fail.","breadcrumb":{"@id":"https:\/\/www.creativeireland.gov.ie\/ga\/nuacht\/knitted-together\/#breadcrumb"},"inLanguage":"ga-IE","potentialAction":[{"@type":"ReadAction","target":["https:\/\/www.creativeireland.gov.ie\/ga\/nuacht\/knitted-together\/"]}]},{"@type":"ImageObject","inLanguage":"ga-IE","@id":"https:\/\/www.creativeireland.gov.ie\/ga\/nuacht\/knitted-together\/#primaryimage","url":"https:\/\/www.creativeireland.gov.ie\/app\/uploads\/2021\/02\/Screenshot-2021-02-17-at-16.59.41.png","contentUrl":"https:\/\/www.creativeireland.gov.ie\/app\/uploads\/2021\/02\/Screenshot-2021-02-17-at-16.59.41.png","width":1175,"height":756},{"@type":"BreadcrumbList","@id":"https:\/\/www.creativeireland.gov.ie\/ga\/nuacht\/knitted-together\/#breadcrumb","itemListElement":[{"@type":"ListItem","position":1,"name":"Home","item":"https:\/\/www.creativeireland.gov.ie\/ga\/"},{"@type":"ListItem","position":2,"name":"Knitted Together"}]},{"@type":"WebSite","@id":"https:\/\/www.creativeireland.gov.ie\/ga\/#website","url":"https:\/\/www.creativeireland.gov.ie\/ga\/","name":"Creative Ireland Programme","description":"The Creative Ireland Programme is guided by a vision that every person in Ireland will have the opportunity to realise their full creative potential. It is a five year all-of-Government initiative, from 2017 to 2022, to place creativity at the centre of public policy.","potentialAction":[{"@type":"SearchAction","target":{"@type":"EntryPoint","urlTemplate":"https:\/\/www.creativeireland.gov.ie\/ga\/?s={search_term_string}"},"query-input":{"@type":"PropertyValueSpecification","valueRequired":true,"valueName":"search_term_string"}}],"inLanguage":"ga-IE"}]}},"_links":{"self":[{"href":"https:\/\/www.creativeireland.gov.ie\/ga\/wp-json\/wp\/v2\/news\/23535","targetHints":{"allow":["GET"]}}],"collection":[{"href":"https:\/\/www.creativeireland.gov.ie\/ga\/wp-json\/wp\/v2\/news"}],"about":[{"href":"https:\/\/www.creativeireland.gov.ie\/ga\/wp-json\/wp\/v2\/types\/news"}],"wp:featuredmedia":[{"embeddable":true,"href":"https:\/\/www.creativeireland.gov.ie\/ga\/wp-json\/wp\/v2\/media\/13237"}],"wp:attachment":[{"href":"https:\/\/www.creativeireland.gov.ie\/ga\/wp-json\/wp\/v2\/media?parent=23535"}],"wp:term":[{"taxonomy":"category","embeddable":true,"href":"https:\/\/www.creativeireland.gov.ie\/ga\/wp-json\/wp\/v2\/categories?post=23535"},{"taxonomy":"news-tags","embeddable":true,"href":"https:\/\/www.creativeireland.gov.ie\/ga\/wp-json\/wp\/v2\/news-tags?post=23535"}],"curies":[{"name":"wp","href":"https:\/\/api.w.org\/{rel}","templated":true}]}}