{"id":28424,"date":"2023-10-05T10:30:00","date_gmt":"2023-10-05T09:30:00","guid":{"rendered":"https:\/\/www.creativeireland.gov.ie\/news\/9-cross-border-creative-and-cultural-projects-awarded-funding-under-the-creative-communities-on-a-shared-island-funding-scheme\/"},"modified":"2023-12-21T13:57:57","modified_gmt":"2023-12-21T13:57:57","slug":"9-cross-border-creative-and-cultural-projects-awarded-funding-under-the-creative-communities-on-a-shared-island-funding-scheme","status":"publish","type":"news","link":"https:\/\/www.creativeireland.gov.ie\/ga\/nuacht\/9-cross-border-creative-and-cultural-projects-awarded-funding-under-the-creative-communities-on-a-shared-island-funding-scheme\/","title":{"rendered":"Pobail Chruthaitheacha ar Oile\u00e1n Comhroinnte"},"content":{"rendered":"","protected":false},"featured_media":26970,"menu_order":0,"template":"page-creative-nation-advanced-content.php","categories":[336,356],"news-tags":[],"class_list":["post-28424","news","type-news","status-publish","has-post-thumbnail","hentry","category-creative-communities-ga","category-creative-people-ga"],"acf":[],"yoast_head":"<!-- This site is optimized with the Yoast SEO plugin v25.9 - https:\/\/yoast.com\/wordpress\/plugins\/seo\/ -->\n<title>Pobail Chruthaitheacha ar Oile\u00e1n Comhroinnte - Creative Ireland Programme<\/title>\n<meta name=\"description\" content=\"Cist\u00ed do thionscadail chruthaitheachta agus chult\u00fair trasteorann arna gcead\u00fa faoiPhobail Ild\u00e1nacha maidir le sc\u00e9im cist\u00edochta an Oile\u00e1in Chomhroinnte\" \/>\n<meta name=\"robots\" content=\"index, follow, max-snippet:-1, max-image-preview:large, max-video-preview:-1\" \/>\n<link rel=\"canonical\" href=\"https:\/\/www.creativeireland.gov.ie\/ga\/nuacht\/9-cross-border-creative-and-cultural-projects-awarded-funding-under-the-creative-communities-on-a-shared-island-funding-scheme\/\" \/>\n<meta property=\"og:locale\" content=\"ga_IE\" \/>\n<meta property=\"og:type\" content=\"article\" \/>\n<meta property=\"og:title\" content=\"Pobail Chruthaitheacha ar Oile\u00e1n Comhroinnte - Creative Ireland Programme\" \/>\n<meta property=\"og:description\" content=\"Cist\u00ed do thionscadail chruthaitheachta agus chult\u00fair trasteorann arna gcead\u00fa faoiPhobail Ild\u00e1nacha maidir le sc\u00e9im cist\u00edochta an Oile\u00e1in Chomhroinnte\" \/>\n<meta property=\"og:url\" content=\"https:\/\/www.creativeireland.gov.ie\/ga\/nuacht\/9-cross-border-creative-and-cultural-projects-awarded-funding-under-the-creative-communities-on-a-shared-island-funding-scheme\/\" \/>\n<meta property=\"og:site_name\" content=\"Creative Ireland Programme\" \/>\n<meta property=\"article:publisher\" content=\"https:\/\/www.facebook.com\/CreativeIrl\/\" \/>\n<meta property=\"article:modified_time\" content=\"2023-12-21T13:57:57+00:00\" \/>\n<meta property=\"og:image\" content=\"https:\/\/www.creativeireland.gov.ie\/app\/uploads\/2023\/10\/suso-image.jpg\" \/>\n\t<meta property=\"og:image:width\" content=\"612\" \/>\n\t<meta property=\"og:image:height\" content=\"415\" \/>\n\t<meta property=\"og:image:type\" content=\"image\/jpeg\" \/>\n<meta name=\"twitter:card\" content=\"summary_large_image\" \/>\n<meta name=\"twitter:site\" content=\"@creativeirl\" \/>\n<script type=\"application\/ld+json\" class=\"yoast-schema-graph\">{\"@context\":\"https:\/\/schema.org\",\"@graph\":[{\"@type\":\"WebPage\",\"@id\":\"https:\/\/www.creativeireland.gov.ie\/ga\/nuacht\/9-cross-border-creative-and-cultural-projects-awarded-funding-under-the-creative-communities-on-a-shared-island-funding-scheme\/\",\"url\":\"https:\/\/www.creativeireland.gov.ie\/ga\/nuacht\/9-cross-border-creative-and-cultural-projects-awarded-funding-under-the-creative-communities-on-a-shared-island-funding-scheme\/\",\"name\":\"Pobail Chruthaitheacha ar Oile\u00e1n Comhroinnte - Creative Ireland Programme\",\"isPartOf\":{\"@id\":\"https:\/\/www.creativeireland.gov.ie\/ga\/#website\"},\"primaryImageOfPage\":{\"@id\":\"https:\/\/www.creativeireland.gov.ie\/ga\/nuacht\/9-cross-border-creative-and-cultural-projects-awarded-funding-under-the-creative-communities-on-a-shared-island-funding-scheme\/#primaryimage\"},\"image\":{\"@id\":\"https:\/\/www.creativeireland.gov.ie\/ga\/nuacht\/9-cross-border-creative-and-cultural-projects-awarded-funding-under-the-creative-communities-on-a-shared-island-funding-scheme\/#primaryimage\"},\"thumbnailUrl\":\"https:\/\/www.creativeireland.gov.ie\/app\/uploads\/2023\/10\/suso-image.jpg\",\"datePublished\":\"2023-10-05T09:30:00+00:00\",\"dateModified\":\"2023-12-21T13:57:57+00:00\",\"description\":\"Cist\u00ed do thionscadail chruthaitheachta agus chult\u00fair trasteorann arna gcead\u00fa faoiPhobail Ild\u00e1nacha maidir le sc\u00e9im cist\u00edochta an Oile\u00e1in Chomhroinnte\",\"breadcrumb\":{\"@id\":\"https:\/\/www.creativeireland.gov.ie\/ga\/nuacht\/9-cross-border-creative-and-cultural-projects-awarded-funding-under-the-creative-communities-on-a-shared-island-funding-scheme\/#breadcrumb\"},\"inLanguage\":\"ga-IE\",\"potentialAction\":[{\"@type\":\"ReadAction\",\"target\":[\"https:\/\/www.creativeireland.gov.ie\/ga\/nuacht\/9-cross-border-creative-and-cultural-projects-awarded-funding-under-the-creative-communities-on-a-shared-island-funding-scheme\/\"]}]},{\"@type\":\"ImageObject\",\"inLanguage\":\"ga-IE\",\"@id\":\"https:\/\/www.creativeireland.gov.ie\/ga\/nuacht\/9-cross-border-creative-and-cultural-projects-awarded-funding-under-the-creative-communities-on-a-shared-island-funding-scheme\/#primaryimage\",\"url\":\"https:\/\/www.creativeireland.gov.ie\/app\/uploads\/2023\/10\/suso-image.jpg\",\"contentUrl\":\"https:\/\/www.creativeireland.gov.ie\/app\/uploads\/2023\/10\/suso-image.jpg\",\"width\":612,\"height\":415},{\"@type\":\"BreadcrumbList\",\"@id\":\"https:\/\/www.creativeireland.gov.ie\/ga\/nuacht\/9-cross-border-creative-and-cultural-projects-awarded-funding-under-the-creative-communities-on-a-shared-island-funding-scheme\/#breadcrumb\",\"itemListElement\":[{\"@type\":\"ListItem\",\"position\":1,\"name\":\"Home\",\"item\":\"https:\/\/www.creativeireland.gov.ie\/ga\/\"},{\"@type\":\"ListItem\",\"position\":2,\"name\":\"Pobail Chruthaitheacha ar Oile\u00e1n Comhroinnte\"}]},{\"@type\":\"WebSite\",\"@id\":\"https:\/\/www.creativeireland.gov.ie\/ga\/#website\",\"url\":\"https:\/\/www.creativeireland.gov.ie\/ga\/\",\"name\":\"Creative Ireland Programme\",\"description\":\"The Creative Ireland Programme is guided by a vision that every person in Ireland will have the opportunity to realise their full creative potential. It is a five year all-of-Government initiative, from 2017 to 2022, to place creativity at the centre of public policy.\",\"potentialAction\":[{\"@type\":\"SearchAction\",\"target\":{\"@type\":\"EntryPoint\",\"urlTemplate\":\"https:\/\/www.creativeireland.gov.ie\/ga\/?s={search_term_string}\"},\"query-input\":{\"@type\":\"PropertyValueSpecification\",\"valueRequired\":true,\"valueName\":\"search_term_string\"}}],\"inLanguage\":\"ga-IE\"}]}<\/script>\n<!-- \/ Yoast SEO plugin. -->","yoast_head_json":{"title":"Pobail Chruthaitheacha ar Oile\u00e1n Comhroinnte - Creative Ireland Programme","description":"Cist\u00ed do thionscadail chruthaitheachta agus chult\u00fair trasteorann arna gcead\u00fa faoiPhobail Ild\u00e1nacha maidir le sc\u00e9im cist\u00edochta an Oile\u00e1in Chomhroinnte","robots":{"index":"index","follow":"follow","max-snippet":"max-snippet:-1","max-image-preview":"max-image-preview:large","max-video-preview":"max-video-preview:-1"},"canonical":"https:\/\/www.creativeireland.gov.ie\/ga\/nuacht\/9-cross-border-creative-and-cultural-projects-awarded-funding-under-the-creative-communities-on-a-shared-island-funding-scheme\/","og_locale":"ga_IE","og_type":"article","og_title":"Pobail Chruthaitheacha ar Oile\u00e1n Comhroinnte - Creative Ireland Programme","og_description":"Cist\u00ed do thionscadail chruthaitheachta agus chult\u00fair trasteorann arna gcead\u00fa faoiPhobail Ild\u00e1nacha maidir le sc\u00e9im cist\u00edochta an Oile\u00e1in Chomhroinnte","og_url":"https:\/\/www.creativeireland.gov.ie\/ga\/nuacht\/9-cross-border-creative-and-cultural-projects-awarded-funding-under-the-creative-communities-on-a-shared-island-funding-scheme\/","og_site_name":"Creative Ireland Programme","article_publisher":"https:\/\/www.facebook.com\/CreativeIrl\/","article_modified_time":"2023-12-21T13:57:57+00:00","og_image":[{"width":612,"height":415,"url":"https:\/\/www.creativeireland.gov.ie\/app\/uploads\/2023\/10\/suso-image.jpg","type":"image\/jpeg"}],"twitter_card":"summary_large_image","twitter_site":"@creativeirl","schema":{"@context":"https:\/\/schema.org","@graph":[{"@type":"WebPage","@id":"https:\/\/www.creativeireland.gov.ie\/ga\/nuacht\/9-cross-border-creative-and-cultural-projects-awarded-funding-under-the-creative-communities-on-a-shared-island-funding-scheme\/","url":"https:\/\/www.creativeireland.gov.ie\/ga\/nuacht\/9-cross-border-creative-and-cultural-projects-awarded-funding-under-the-creative-communities-on-a-shared-island-funding-scheme\/","name":"Pobail Chruthaitheacha ar Oile\u00e1n Comhroinnte - Creative Ireland Programme","isPartOf":{"@id":"https:\/\/www.creativeireland.gov.ie\/ga\/#website"},"primaryImageOfPage":{"@id":"https:\/\/www.creativeireland.gov.ie\/ga\/nuacht\/9-cross-border-creative-and-cultural-projects-awarded-funding-under-the-creative-communities-on-a-shared-island-funding-scheme\/#primaryimage"},"image":{"@id":"https:\/\/www.creativeireland.gov.ie\/ga\/nuacht\/9-cross-border-creative-and-cultural-projects-awarded-funding-under-the-creative-communities-on-a-shared-island-funding-scheme\/#primaryimage"},"thumbnailUrl":"https:\/\/www.creativeireland.gov.ie\/app\/uploads\/2023\/10\/suso-image.jpg","datePublished":"2023-10-05T09:30:00+00:00","dateModified":"2023-12-21T13:57:57+00:00","description":"Cist\u00ed do thionscadail chruthaitheachta agus chult\u00fair trasteorann arna gcead\u00fa faoiPhobail Ild\u00e1nacha maidir le sc\u00e9im cist\u00edochta an Oile\u00e1in Chomhroinnte","breadcrumb":{"@id":"https:\/\/www.creativeireland.gov.ie\/ga\/nuacht\/9-cross-border-creative-and-cultural-projects-awarded-funding-under-the-creative-communities-on-a-shared-island-funding-scheme\/#breadcrumb"},"inLanguage":"ga-IE","potentialAction":[{"@type":"ReadAction","target":["https:\/\/www.creativeireland.gov.ie\/ga\/nuacht\/9-cross-border-creative-and-cultural-projects-awarded-funding-under-the-creative-communities-on-a-shared-island-funding-scheme\/"]}]},{"@type":"ImageObject","inLanguage":"ga-IE","@id":"https:\/\/www.creativeireland.gov.ie\/ga\/nuacht\/9-cross-border-creative-and-cultural-projects-awarded-funding-under-the-creative-communities-on-a-shared-island-funding-scheme\/#primaryimage","url":"https:\/\/www.creativeireland.gov.ie\/app\/uploads\/2023\/10\/suso-image.jpg","contentUrl":"https:\/\/www.creativeireland.gov.ie\/app\/uploads\/2023\/10\/suso-image.jpg","width":612,"height":415},{"@type":"BreadcrumbList","@id":"https:\/\/www.creativeireland.gov.ie\/ga\/nuacht\/9-cross-border-creative-and-cultural-projects-awarded-funding-under-the-creative-communities-on-a-shared-island-funding-scheme\/#breadcrumb","itemListElement":[{"@type":"ListItem","position":1,"name":"Home","item":"https:\/\/www.creativeireland.gov.ie\/ga\/"},{"@type":"ListItem","position":2,"name":"Pobail Chruthaitheacha ar Oile\u00e1n Comhroinnte"}]},{"@type":"WebSite","@id":"https:\/\/www.creativeireland.gov.ie\/ga\/#website","url":"https:\/\/www.creativeireland.gov.ie\/ga\/","name":"Creative Ireland Programme","description":"The Creative Ireland Programme is guided by a vision that every person in Ireland will have the opportunity to realise their full creative potential. It is a five year all-of-Government initiative, from 2017 to 2022, to place creativity at the centre of public policy.","potentialAction":[{"@type":"SearchAction","target":{"@type":"EntryPoint","urlTemplate":"https:\/\/www.creativeireland.gov.ie\/ga\/?s={search_term_string}"},"query-input":{"@type":"PropertyValueSpecification","valueRequired":true,"valueName":"search_term_string"}}],"inLanguage":"ga-IE"}]}},"_links":{"self":[{"href":"https:\/\/www.creativeireland.gov.ie\/ga\/wp-json\/wp\/v2\/news\/28424","targetHints":{"allow":["GET"]}}],"collection":[{"href":"https:\/\/www.creativeireland.gov.ie\/ga\/wp-json\/wp\/v2\/news"}],"about":[{"href":"https:\/\/www.creativeireland.gov.ie\/ga\/wp-json\/wp\/v2\/types\/news"}],"wp:featuredmedia":[{"embeddable":true,"href":"https:\/\/www.creativeireland.gov.ie\/ga\/wp-json\/wp\/v2\/media\/26970"}],"wp:attachment":[{"href":"https:\/\/www.creativeireland.gov.ie\/ga\/wp-json\/wp\/v2\/media?parent=28424"}],"wp:term":[{"taxonomy":"category","embeddable":true,"href":"https:\/\/www.creativeireland.gov.ie\/ga\/wp-json\/wp\/v2\/categories?post=28424"},{"taxonomy":"news-tags","embeddable":true,"href":"https:\/\/www.creativeireland.gov.ie\/ga\/wp-json\/wp\/v2\/news-tags?post=28424"}],"curies":[{"name":"wp","href":"https:\/\/api.w.org\/{rel}","templated":true}]}}