{"id":31543,"date":"2024-07-18T16:22:54","date_gmt":"2024-07-18T15:22:54","guid":{"rendered":"https:\/\/www.creativeireland.gov.ie\/?post_type=news&#038;p=31543"},"modified":"2024-07-18T16:40:40","modified_gmt":"2024-07-18T15:40:40","slug":"seoladh-a-word-in-your-ear-diolaim-nua-scribheoireacht-ros-comain-2019-2023","status":"publish","type":"news","link":"https:\/\/www.creativeireland.gov.ie\/ga\/nuacht\/seoladh-a-word-in-your-ear-diolaim-nua-scribheoireacht-ros-comain-2019-2023\/","title":{"rendered":"Seoladh \u201cA Word in Your Ear &#8211; D\u00edolaim Nua-Scr\u00edbheoireacht Ros Com\u00e1in 2019-2023\u201d\ufffc"},"content":{"rendered":"","protected":false},"featured_media":31541,"menu_order":0,"template":"page-creative-nation-advanced-content.php","categories":[336],"news-tags":[],"class_list":["post-31543","news","type-news","status-publish","has-post-thumbnail","hentry","category-creative-communities-ga"],"acf":[],"yoast_head":"<!-- This site is optimized with the Yoast SEO plugin v25.9 - https:\/\/yoast.com\/wordpress\/plugins\/seo\/ -->\n<title>Seoladh \u201cA Word in Your Ear - D\u00edolaim Nua-Scr\u00edbheoireacht Ros Com\u00e1in 2019-2023\u201d\ufffc - Creative Ireland Programme<\/title>\n<meta name=\"description\" content=\"Seoladh \u201cA Word in Your Ear - D\u00edolaim Nua-Scr\u00edbheoireacht Ros Com\u00e1in 2019-2023\u201d\" \/>\n<meta name=\"robots\" content=\"index, follow, max-snippet:-1, max-image-preview:large, max-video-preview:-1\" \/>\n<link rel=\"canonical\" href=\"https:\/\/www.creativeireland.gov.ie\/ga\/nuacht\/seoladh-a-word-in-your-ear-diolaim-nua-scribheoireacht-ros-comain-2019-2023\/\" \/>\n<meta property=\"og:locale\" content=\"ga_IE\" \/>\n<meta property=\"og:type\" content=\"article\" \/>\n<meta property=\"og:title\" content=\"Seoladh \u201cA Word in Your Ear - D\u00edolaim Nua-Scr\u00edbheoireacht Ros Com\u00e1in 2019-2023\u201d\ufffc - Creative Ireland Programme\" \/>\n<meta property=\"og:description\" content=\"Seoladh \u201cA Word in Your Ear - D\u00edolaim Nua-Scr\u00edbheoireacht Ros Com\u00e1in 2019-2023\u201d\" \/>\n<meta property=\"og:url\" content=\"https:\/\/www.creativeireland.gov.ie\/ga\/nuacht\/seoladh-a-word-in-your-ear-diolaim-nua-scribheoireacht-ros-comain-2019-2023\/\" \/>\n<meta property=\"og:site_name\" content=\"Creative Ireland Programme\" \/>\n<meta property=\"article:publisher\" content=\"https:\/\/www.facebook.com\/CreativeIrl\/\" \/>\n<meta property=\"article:modified_time\" content=\"2024-07-18T15:40:40+00:00\" \/>\n<meta property=\"og:image\" content=\"https:\/\/www.creativeireland.gov.ie\/app\/uploads\/2024\/07\/20240710-Roscommon-Anthology-51-scaled.jpg\" \/>\n\t<meta property=\"og:image:width\" content=\"2560\" \/>\n\t<meta property=\"og:image:height\" content=\"1167\" \/>\n\t<meta property=\"og:image:type\" content=\"image\/jpeg\" \/>\n<meta name=\"twitter:card\" content=\"summary_large_image\" \/>\n<meta name=\"twitter:site\" content=\"@creativeirl\" \/>\n<script type=\"application\/ld+json\" class=\"yoast-schema-graph\">{\"@context\":\"https:\/\/schema.org\",\"@graph\":[{\"@type\":\"WebPage\",\"@id\":\"https:\/\/www.creativeireland.gov.ie\/ga\/nuacht\/seoladh-a-word-in-your-ear-diolaim-nua-scribheoireacht-ros-comain-2019-2023\/\",\"url\":\"https:\/\/www.creativeireland.gov.ie\/ga\/nuacht\/seoladh-a-word-in-your-ear-diolaim-nua-scribheoireacht-ros-comain-2019-2023\/\",\"name\":\"Seoladh \u201cA Word in Your Ear - D\u00edolaim Nua-Scr\u00edbheoireacht Ros Com\u00e1in 2019-2023\u201d\ufffc - Creative Ireland Programme\",\"isPartOf\":{\"@id\":\"https:\/\/www.creativeireland.gov.ie\/ga\/#website\"},\"primaryImageOfPage\":{\"@id\":\"https:\/\/www.creativeireland.gov.ie\/ga\/nuacht\/seoladh-a-word-in-your-ear-diolaim-nua-scribheoireacht-ros-comain-2019-2023\/#primaryimage\"},\"image\":{\"@id\":\"https:\/\/www.creativeireland.gov.ie\/ga\/nuacht\/seoladh-a-word-in-your-ear-diolaim-nua-scribheoireacht-ros-comain-2019-2023\/#primaryimage\"},\"thumbnailUrl\":\"https:\/\/www.creativeireland.gov.ie\/app\/uploads\/2024\/07\/20240710-Roscommon-Anthology-51-scaled.jpg\",\"datePublished\":\"2024-07-18T15:22:54+00:00\",\"dateModified\":\"2024-07-18T15:40:40+00:00\",\"description\":\"Seoladh \u201cA Word in Your Ear - D\u00edolaim Nua-Scr\u00edbheoireacht Ros Com\u00e1in 2019-2023\u201d\",\"breadcrumb\":{\"@id\":\"https:\/\/www.creativeireland.gov.ie\/ga\/nuacht\/seoladh-a-word-in-your-ear-diolaim-nua-scribheoireacht-ros-comain-2019-2023\/#breadcrumb\"},\"inLanguage\":\"ga-IE\",\"potentialAction\":[{\"@type\":\"ReadAction\",\"target\":[\"https:\/\/www.creativeireland.gov.ie\/ga\/nuacht\/seoladh-a-word-in-your-ear-diolaim-nua-scribheoireacht-ros-comain-2019-2023\/\"]}]},{\"@type\":\"ImageObject\",\"inLanguage\":\"ga-IE\",\"@id\":\"https:\/\/www.creativeireland.gov.ie\/ga\/nuacht\/seoladh-a-word-in-your-ear-diolaim-nua-scribheoireacht-ros-comain-2019-2023\/#primaryimage\",\"url\":\"https:\/\/www.creativeireland.gov.ie\/app\/uploads\/2024\/07\/20240710-Roscommon-Anthology-51-scaled.jpg\",\"contentUrl\":\"https:\/\/www.creativeireland.gov.ie\/app\/uploads\/2024\/07\/20240710-Roscommon-Anthology-51-scaled.jpg\",\"width\":2560,\"height\":1167},{\"@type\":\"BreadcrumbList\",\"@id\":\"https:\/\/www.creativeireland.gov.ie\/ga\/nuacht\/seoladh-a-word-in-your-ear-diolaim-nua-scribheoireacht-ros-comain-2019-2023\/#breadcrumb\",\"itemListElement\":[{\"@type\":\"ListItem\",\"position\":1,\"name\":\"Home\",\"item\":\"https:\/\/www.creativeireland.gov.ie\/ga\/\"},{\"@type\":\"ListItem\",\"position\":2,\"name\":\"Seoladh \u201cA Word in Your Ear &#8211; D\u00edolaim Nua-Scr\u00edbheoireacht Ros Com\u00e1in 2019-2023\u201d\ufffc\"}]},{\"@type\":\"WebSite\",\"@id\":\"https:\/\/www.creativeireland.gov.ie\/ga\/#website\",\"url\":\"https:\/\/www.creativeireland.gov.ie\/ga\/\",\"name\":\"Creative Ireland Programme\",\"description\":\"The Creative Ireland Programme is guided by a vision that every person in Ireland will have the opportunity to realise their full creative potential. It is a five year all-of-Government initiative, from 2017 to 2022, to place creativity at the centre of public policy.\",\"potentialAction\":[{\"@type\":\"SearchAction\",\"target\":{\"@type\":\"EntryPoint\",\"urlTemplate\":\"https:\/\/www.creativeireland.gov.ie\/ga\/?s={search_term_string}\"},\"query-input\":{\"@type\":\"PropertyValueSpecification\",\"valueRequired\":true,\"valueName\":\"search_term_string\"}}],\"inLanguage\":\"ga-IE\"}]}<\/script>\n<!-- \/ Yoast SEO plugin. -->","yoast_head_json":{"title":"Seoladh \u201cA Word in Your Ear - D\u00edolaim Nua-Scr\u00edbheoireacht Ros Com\u00e1in 2019-2023\u201d\ufffc - Creative Ireland Programme","description":"Seoladh \u201cA Word in Your Ear - D\u00edolaim Nua-Scr\u00edbheoireacht Ros Com\u00e1in 2019-2023\u201d","robots":{"index":"index","follow":"follow","max-snippet":"max-snippet:-1","max-image-preview":"max-image-preview:large","max-video-preview":"max-video-preview:-1"},"canonical":"https:\/\/www.creativeireland.gov.ie\/ga\/nuacht\/seoladh-a-word-in-your-ear-diolaim-nua-scribheoireacht-ros-comain-2019-2023\/","og_locale":"ga_IE","og_type":"article","og_title":"Seoladh \u201cA Word in Your Ear - D\u00edolaim Nua-Scr\u00edbheoireacht Ros Com\u00e1in 2019-2023\u201d\ufffc - Creative Ireland Programme","og_description":"Seoladh \u201cA Word in Your Ear - D\u00edolaim Nua-Scr\u00edbheoireacht Ros Com\u00e1in 2019-2023\u201d","og_url":"https:\/\/www.creativeireland.gov.ie\/ga\/nuacht\/seoladh-a-word-in-your-ear-diolaim-nua-scribheoireacht-ros-comain-2019-2023\/","og_site_name":"Creative Ireland Programme","article_publisher":"https:\/\/www.facebook.com\/CreativeIrl\/","article_modified_time":"2024-07-18T15:40:40+00:00","og_image":[{"width":2560,"height":1167,"url":"https:\/\/www.creativeireland.gov.ie\/app\/uploads\/2024\/07\/20240710-Roscommon-Anthology-51-scaled.jpg","type":"image\/jpeg"}],"twitter_card":"summary_large_image","twitter_site":"@creativeirl","schema":{"@context":"https:\/\/schema.org","@graph":[{"@type":"WebPage","@id":"https:\/\/www.creativeireland.gov.ie\/ga\/nuacht\/seoladh-a-word-in-your-ear-diolaim-nua-scribheoireacht-ros-comain-2019-2023\/","url":"https:\/\/www.creativeireland.gov.ie\/ga\/nuacht\/seoladh-a-word-in-your-ear-diolaim-nua-scribheoireacht-ros-comain-2019-2023\/","name":"Seoladh \u201cA Word in Your Ear - D\u00edolaim Nua-Scr\u00edbheoireacht Ros Com\u00e1in 2019-2023\u201d\ufffc - Creative Ireland Programme","isPartOf":{"@id":"https:\/\/www.creativeireland.gov.ie\/ga\/#website"},"primaryImageOfPage":{"@id":"https:\/\/www.creativeireland.gov.ie\/ga\/nuacht\/seoladh-a-word-in-your-ear-diolaim-nua-scribheoireacht-ros-comain-2019-2023\/#primaryimage"},"image":{"@id":"https:\/\/www.creativeireland.gov.ie\/ga\/nuacht\/seoladh-a-word-in-your-ear-diolaim-nua-scribheoireacht-ros-comain-2019-2023\/#primaryimage"},"thumbnailUrl":"https:\/\/www.creativeireland.gov.ie\/app\/uploads\/2024\/07\/20240710-Roscommon-Anthology-51-scaled.jpg","datePublished":"2024-07-18T15:22:54+00:00","dateModified":"2024-07-18T15:40:40+00:00","description":"Seoladh \u201cA Word in Your Ear - D\u00edolaim Nua-Scr\u00edbheoireacht Ros Com\u00e1in 2019-2023\u201d","breadcrumb":{"@id":"https:\/\/www.creativeireland.gov.ie\/ga\/nuacht\/seoladh-a-word-in-your-ear-diolaim-nua-scribheoireacht-ros-comain-2019-2023\/#breadcrumb"},"inLanguage":"ga-IE","potentialAction":[{"@type":"ReadAction","target":["https:\/\/www.creativeireland.gov.ie\/ga\/nuacht\/seoladh-a-word-in-your-ear-diolaim-nua-scribheoireacht-ros-comain-2019-2023\/"]}]},{"@type":"ImageObject","inLanguage":"ga-IE","@id":"https:\/\/www.creativeireland.gov.ie\/ga\/nuacht\/seoladh-a-word-in-your-ear-diolaim-nua-scribheoireacht-ros-comain-2019-2023\/#primaryimage","url":"https:\/\/www.creativeireland.gov.ie\/app\/uploads\/2024\/07\/20240710-Roscommon-Anthology-51-scaled.jpg","contentUrl":"https:\/\/www.creativeireland.gov.ie\/app\/uploads\/2024\/07\/20240710-Roscommon-Anthology-51-scaled.jpg","width":2560,"height":1167},{"@type":"BreadcrumbList","@id":"https:\/\/www.creativeireland.gov.ie\/ga\/nuacht\/seoladh-a-word-in-your-ear-diolaim-nua-scribheoireacht-ros-comain-2019-2023\/#breadcrumb","itemListElement":[{"@type":"ListItem","position":1,"name":"Home","item":"https:\/\/www.creativeireland.gov.ie\/ga\/"},{"@type":"ListItem","position":2,"name":"Seoladh \u201cA Word in Your Ear &#8211; D\u00edolaim Nua-Scr\u00edbheoireacht Ros Com\u00e1in 2019-2023\u201d\ufffc"}]},{"@type":"WebSite","@id":"https:\/\/www.creativeireland.gov.ie\/ga\/#website","url":"https:\/\/www.creativeireland.gov.ie\/ga\/","name":"Creative Ireland Programme","description":"The Creative Ireland Programme is guided by a vision that every person in Ireland will have the opportunity to realise their full creative potential. It is a five year all-of-Government initiative, from 2017 to 2022, to place creativity at the centre of public policy.","potentialAction":[{"@type":"SearchAction","target":{"@type":"EntryPoint","urlTemplate":"https:\/\/www.creativeireland.gov.ie\/ga\/?s={search_term_string}"},"query-input":{"@type":"PropertyValueSpecification","valueRequired":true,"valueName":"search_term_string"}}],"inLanguage":"ga-IE"}]}},"_links":{"self":[{"href":"https:\/\/www.creativeireland.gov.ie\/ga\/wp-json\/wp\/v2\/news\/31543","targetHints":{"allow":["GET"]}}],"collection":[{"href":"https:\/\/www.creativeireland.gov.ie\/ga\/wp-json\/wp\/v2\/news"}],"about":[{"href":"https:\/\/www.creativeireland.gov.ie\/ga\/wp-json\/wp\/v2\/types\/news"}],"wp:featuredmedia":[{"embeddable":true,"href":"https:\/\/www.creativeireland.gov.ie\/ga\/wp-json\/wp\/v2\/media\/31541"}],"wp:attachment":[{"href":"https:\/\/www.creativeireland.gov.ie\/ga\/wp-json\/wp\/v2\/media?parent=31543"}],"wp:term":[{"taxonomy":"category","embeddable":true,"href":"https:\/\/www.creativeireland.gov.ie\/ga\/wp-json\/wp\/v2\/categories?post=31543"},{"taxonomy":"news-tags","embeddable":true,"href":"https:\/\/www.creativeireland.gov.ie\/ga\/wp-json\/wp\/v2\/news-tags?post=31543"}],"curies":[{"name":"wp","href":"https:\/\/api.w.org\/{rel}","templated":true}]}}