{"id":31977,"date":"2024-07-29T15:06:26","date_gmt":"2024-07-29T14:06:26","guid":{"rendered":"https:\/\/www.creativeireland.gov.ie\/?post_type=news&#038;p=31977"},"modified":"2024-07-29T15:09:50","modified_gmt":"2024-07-29T14:09:50","slug":"maoiniu-bronnta-ar-music-generation-macnas-fighting-words-narrative-4-extern-northern-ireland-agus-tallaght-community-arts-i-leith-chomhphairtiochtai-oige-ildanach-ar-oilean-comhroinnte","status":"publish","type":"news","link":"https:\/\/www.creativeireland.gov.ie\/ga\/nuacht\/maoiniu-bronnta-ar-music-generation-macnas-fighting-words-narrative-4-extern-northern-ireland-agus-tallaght-community-arts-i-leith-chomhphairtiochtai-oige-ildanach-ar-oilean-comhroinnte\/","title":{"rendered":"Maoini\u00fa bronnta ar Music Generation, Macnas, Fighting Words, Narrative 4, Extern Northern Ireland agus Tallaght Community Arts i leith Chomhph\u00e1irt\u00edochta\u00ed \u00d3ige Ild\u00e1nach ar Oile\u00e1n Comhroinnte."},"content":{"rendered":"","protected":false},"featured_media":31974,"menu_order":0,"template":"page-creative-nation-advanced-content.php","categories":[363,397],"news-tags":[],"class_list":["post-31977","news","type-news","status-publish","has-post-thumbnail","hentry","category-creative-youth-ga","category-shared-island-ga"],"acf":[],"yoast_head":"<!-- This site is optimized with the Yoast SEO plugin v25.9 - https:\/\/yoast.com\/wordpress\/plugins\/seo\/ -->\n<title>Maoini\u00fa bronnta ar Music Generation, Macnas, Fighting Words, Narrative 4, Extern Northern Ireland agus Tallaght Community Arts i leith Chomhph\u00e1irt\u00edochta\u00ed \u00d3ige Ild\u00e1nach ar Oile\u00e1n Comhroinnte. - Creative Ireland Programme<\/title>\n<meta name=\"description\" content=\"Maoini\u00fa bronnta ar Music Generation, Macnas, Fighting Words, Narrative 4, Extern Northern Ireland agus Tallaght Community Arts i leith Chomhph\u00e1irt\u00edochta\u00ed \u00d3ige Ild\u00e1nach ar Oile\u00e1n Comhroinnte.\" \/>\n<meta name=\"robots\" content=\"index, follow, max-snippet:-1, max-image-preview:large, max-video-preview:-1\" \/>\n<link rel=\"canonical\" href=\"https:\/\/www.creativeireland.gov.ie\/ga\/nuacht\/maoiniu-bronnta-ar-music-generation-macnas-fighting-words-narrative-4-extern-northern-ireland-agus-tallaght-community-arts-i-leith-chomhphairtiochtai-oige-ildanach-ar-oilean-comhroinnte\/\" \/>\n<meta property=\"og:locale\" content=\"ga_IE\" \/>\n<meta property=\"og:type\" content=\"article\" \/>\n<meta property=\"og:title\" content=\"Maoini\u00fa bronnta ar Music Generation, Macnas, Fighting Words, Narrative 4, Extern Northern Ireland agus Tallaght Community Arts i leith Chomhph\u00e1irt\u00edochta\u00ed \u00d3ige Ild\u00e1nach ar Oile\u00e1n Comhroinnte. - Creative Ireland Programme\" \/>\n<meta property=\"og:description\" content=\"Maoini\u00fa bronnta ar Music Generation, Macnas, Fighting Words, Narrative 4, Extern Northern Ireland agus Tallaght Community Arts i leith Chomhph\u00e1irt\u00edochta\u00ed \u00d3ige Ild\u00e1nach ar Oile\u00e1n Comhroinnte.\" \/>\n<meta property=\"og:url\" content=\"https:\/\/www.creativeireland.gov.ie\/ga\/nuacht\/maoiniu-bronnta-ar-music-generation-macnas-fighting-words-narrative-4-extern-northern-ireland-agus-tallaght-community-arts-i-leith-chomhphairtiochtai-oige-ildanach-ar-oilean-comhroinnte\/\" \/>\n<meta property=\"og:site_name\" content=\"Creative Ireland Programme\" \/>\n<meta property=\"article:publisher\" content=\"https:\/\/www.facebook.com\/CreativeIrl\/\" \/>\n<meta property=\"article:modified_time\" content=\"2024-07-29T14:09:50+00:00\" \/>\n<meta property=\"og:image\" content=\"https:\/\/www.creativeireland.gov.ie\/app\/uploads\/2024\/07\/20240715Donegal-7-scaled.jpg\" \/>\n\t<meta property=\"og:image:width\" content=\"2560\" \/>\n\t<meta property=\"og:image:height\" content=\"1707\" \/>\n\t<meta property=\"og:image:type\" content=\"image\/jpeg\" \/>\n<meta name=\"twitter:card\" content=\"summary_large_image\" \/>\n<meta name=\"twitter:site\" content=\"@creativeirl\" \/>\n<script type=\"application\/ld+json\" class=\"yoast-schema-graph\">{\"@context\":\"https:\/\/schema.org\",\"@graph\":[{\"@type\":\"WebPage\",\"@id\":\"https:\/\/www.creativeireland.gov.ie\/ga\/nuacht\/maoiniu-bronnta-ar-music-generation-macnas-fighting-words-narrative-4-extern-northern-ireland-agus-tallaght-community-arts-i-leith-chomhphairtiochtai-oige-ildanach-ar-oilean-comhroinnte\/\",\"url\":\"https:\/\/www.creativeireland.gov.ie\/ga\/nuacht\/maoiniu-bronnta-ar-music-generation-macnas-fighting-words-narrative-4-extern-northern-ireland-agus-tallaght-community-arts-i-leith-chomhphairtiochtai-oige-ildanach-ar-oilean-comhroinnte\/\",\"name\":\"Maoini\u00fa bronnta ar Music Generation, Macnas, Fighting Words, Narrative 4, Extern Northern Ireland agus Tallaght Community Arts i leith Chomhph\u00e1irt\u00edochta\u00ed \u00d3ige Ild\u00e1nach ar Oile\u00e1n Comhroinnte. - Creative Ireland Programme\",\"isPartOf\":{\"@id\":\"https:\/\/www.creativeireland.gov.ie\/ga\/#website\"},\"primaryImageOfPage\":{\"@id\":\"https:\/\/www.creativeireland.gov.ie\/ga\/nuacht\/maoiniu-bronnta-ar-music-generation-macnas-fighting-words-narrative-4-extern-northern-ireland-agus-tallaght-community-arts-i-leith-chomhphairtiochtai-oige-ildanach-ar-oilean-comhroinnte\/#primaryimage\"},\"image\":{\"@id\":\"https:\/\/www.creativeireland.gov.ie\/ga\/nuacht\/maoiniu-bronnta-ar-music-generation-macnas-fighting-words-narrative-4-extern-northern-ireland-agus-tallaght-community-arts-i-leith-chomhphairtiochtai-oige-ildanach-ar-oilean-comhroinnte\/#primaryimage\"},\"thumbnailUrl\":\"https:\/\/www.creativeireland.gov.ie\/app\/uploads\/2024\/07\/20240715Donegal-7-scaled.jpg\",\"datePublished\":\"2024-07-29T14:06:26+00:00\",\"dateModified\":\"2024-07-29T14:09:50+00:00\",\"description\":\"Maoini\u00fa bronnta ar Music Generation, Macnas, Fighting Words, Narrative 4, Extern Northern Ireland agus Tallaght Community Arts i leith Chomhph\u00e1irt\u00edochta\u00ed \u00d3ige Ild\u00e1nach ar Oile\u00e1n Comhroinnte.\",\"breadcrumb\":{\"@id\":\"https:\/\/www.creativeireland.gov.ie\/ga\/nuacht\/maoiniu-bronnta-ar-music-generation-macnas-fighting-words-narrative-4-extern-northern-ireland-agus-tallaght-community-arts-i-leith-chomhphairtiochtai-oige-ildanach-ar-oilean-comhroinnte\/#breadcrumb\"},\"inLanguage\":\"ga-IE\",\"potentialAction\":[{\"@type\":\"ReadAction\",\"target\":[\"https:\/\/www.creativeireland.gov.ie\/ga\/nuacht\/maoiniu-bronnta-ar-music-generation-macnas-fighting-words-narrative-4-extern-northern-ireland-agus-tallaght-community-arts-i-leith-chomhphairtiochtai-oige-ildanach-ar-oilean-comhroinnte\/\"]}]},{\"@type\":\"ImageObject\",\"inLanguage\":\"ga-IE\",\"@id\":\"https:\/\/www.creativeireland.gov.ie\/ga\/nuacht\/maoiniu-bronnta-ar-music-generation-macnas-fighting-words-narrative-4-extern-northern-ireland-agus-tallaght-community-arts-i-leith-chomhphairtiochtai-oige-ildanach-ar-oilean-comhroinnte\/#primaryimage\",\"url\":\"https:\/\/www.creativeireland.gov.ie\/app\/uploads\/2024\/07\/20240715Donegal-7-scaled.jpg\",\"contentUrl\":\"https:\/\/www.creativeireland.gov.ie\/app\/uploads\/2024\/07\/20240715Donegal-7-scaled.jpg\",\"width\":2560,\"height\":1707,\"caption\":\"Photo Darragh Kane\"},{\"@type\":\"BreadcrumbList\",\"@id\":\"https:\/\/www.creativeireland.gov.ie\/ga\/nuacht\/maoiniu-bronnta-ar-music-generation-macnas-fighting-words-narrative-4-extern-northern-ireland-agus-tallaght-community-arts-i-leith-chomhphairtiochtai-oige-ildanach-ar-oilean-comhroinnte\/#breadcrumb\",\"itemListElement\":[{\"@type\":\"ListItem\",\"position\":1,\"name\":\"Home\",\"item\":\"https:\/\/www.creativeireland.gov.ie\/ga\/\"},{\"@type\":\"ListItem\",\"position\":2,\"name\":\"Maoini\u00fa bronnta ar Music Generation, Macnas, Fighting Words, Narrative 4, Extern Northern Ireland agus Tallaght Community Arts i leith Chomhph\u00e1irt\u00edochta\u00ed \u00d3ige Ild\u00e1nach ar Oile\u00e1n Comhroinnte.\"}]},{\"@type\":\"WebSite\",\"@id\":\"https:\/\/www.creativeireland.gov.ie\/ga\/#website\",\"url\":\"https:\/\/www.creativeireland.gov.ie\/ga\/\",\"name\":\"Creative Ireland Programme\",\"description\":\"The Creative Ireland Programme is guided by a vision that every person in Ireland will have the opportunity to realise their full creative potential. It is a five year all-of-Government initiative, from 2017 to 2022, to place creativity at the centre of public policy.\",\"potentialAction\":[{\"@type\":\"SearchAction\",\"target\":{\"@type\":\"EntryPoint\",\"urlTemplate\":\"https:\/\/www.creativeireland.gov.ie\/ga\/?s={search_term_string}\"},\"query-input\":{\"@type\":\"PropertyValueSpecification\",\"valueRequired\":true,\"valueName\":\"search_term_string\"}}],\"inLanguage\":\"ga-IE\"}]}<\/script>\n<!-- \/ Yoast SEO plugin. -->","yoast_head_json":{"title":"Maoini\u00fa bronnta ar Music Generation, Macnas, Fighting Words, Narrative 4, Extern Northern Ireland agus Tallaght Community Arts i leith Chomhph\u00e1irt\u00edochta\u00ed \u00d3ige Ild\u00e1nach ar Oile\u00e1n Comhroinnte. - Creative Ireland Programme","description":"Maoini\u00fa bronnta ar Music Generation, Macnas, Fighting Words, Narrative 4, Extern Northern Ireland agus Tallaght Community Arts i leith Chomhph\u00e1irt\u00edochta\u00ed \u00d3ige Ild\u00e1nach ar Oile\u00e1n Comhroinnte.","robots":{"index":"index","follow":"follow","max-snippet":"max-snippet:-1","max-image-preview":"max-image-preview:large","max-video-preview":"max-video-preview:-1"},"canonical":"https:\/\/www.creativeireland.gov.ie\/ga\/nuacht\/maoiniu-bronnta-ar-music-generation-macnas-fighting-words-narrative-4-extern-northern-ireland-agus-tallaght-community-arts-i-leith-chomhphairtiochtai-oige-ildanach-ar-oilean-comhroinnte\/","og_locale":"ga_IE","og_type":"article","og_title":"Maoini\u00fa bronnta ar Music Generation, Macnas, Fighting Words, Narrative 4, Extern Northern Ireland agus Tallaght Community Arts i leith Chomhph\u00e1irt\u00edochta\u00ed \u00d3ige Ild\u00e1nach ar Oile\u00e1n Comhroinnte. - Creative Ireland Programme","og_description":"Maoini\u00fa bronnta ar Music Generation, Macnas, Fighting Words, Narrative 4, Extern Northern Ireland agus Tallaght Community Arts i leith Chomhph\u00e1irt\u00edochta\u00ed \u00d3ige Ild\u00e1nach ar Oile\u00e1n Comhroinnte.","og_url":"https:\/\/www.creativeireland.gov.ie\/ga\/nuacht\/maoiniu-bronnta-ar-music-generation-macnas-fighting-words-narrative-4-extern-northern-ireland-agus-tallaght-community-arts-i-leith-chomhphairtiochtai-oige-ildanach-ar-oilean-comhroinnte\/","og_site_name":"Creative Ireland Programme","article_publisher":"https:\/\/www.facebook.com\/CreativeIrl\/","article_modified_time":"2024-07-29T14:09:50+00:00","og_image":[{"width":2560,"height":1707,"url":"https:\/\/www.creativeireland.gov.ie\/app\/uploads\/2024\/07\/20240715Donegal-7-scaled.jpg","type":"image\/jpeg"}],"twitter_card":"summary_large_image","twitter_site":"@creativeirl","schema":{"@context":"https:\/\/schema.org","@graph":[{"@type":"WebPage","@id":"https:\/\/www.creativeireland.gov.ie\/ga\/nuacht\/maoiniu-bronnta-ar-music-generation-macnas-fighting-words-narrative-4-extern-northern-ireland-agus-tallaght-community-arts-i-leith-chomhphairtiochtai-oige-ildanach-ar-oilean-comhroinnte\/","url":"https:\/\/www.creativeireland.gov.ie\/ga\/nuacht\/maoiniu-bronnta-ar-music-generation-macnas-fighting-words-narrative-4-extern-northern-ireland-agus-tallaght-community-arts-i-leith-chomhphairtiochtai-oige-ildanach-ar-oilean-comhroinnte\/","name":"Maoini\u00fa bronnta ar Music Generation, Macnas, Fighting Words, Narrative 4, Extern Northern Ireland agus Tallaght Community Arts i leith Chomhph\u00e1irt\u00edochta\u00ed \u00d3ige Ild\u00e1nach ar Oile\u00e1n Comhroinnte. - Creative Ireland Programme","isPartOf":{"@id":"https:\/\/www.creativeireland.gov.ie\/ga\/#website"},"primaryImageOfPage":{"@id":"https:\/\/www.creativeireland.gov.ie\/ga\/nuacht\/maoiniu-bronnta-ar-music-generation-macnas-fighting-words-narrative-4-extern-northern-ireland-agus-tallaght-community-arts-i-leith-chomhphairtiochtai-oige-ildanach-ar-oilean-comhroinnte\/#primaryimage"},"image":{"@id":"https:\/\/www.creativeireland.gov.ie\/ga\/nuacht\/maoiniu-bronnta-ar-music-generation-macnas-fighting-words-narrative-4-extern-northern-ireland-agus-tallaght-community-arts-i-leith-chomhphairtiochtai-oige-ildanach-ar-oilean-comhroinnte\/#primaryimage"},"thumbnailUrl":"https:\/\/www.creativeireland.gov.ie\/app\/uploads\/2024\/07\/20240715Donegal-7-scaled.jpg","datePublished":"2024-07-29T14:06:26+00:00","dateModified":"2024-07-29T14:09:50+00:00","description":"Maoini\u00fa bronnta ar Music Generation, Macnas, Fighting Words, Narrative 4, Extern Northern Ireland agus Tallaght Community Arts i leith Chomhph\u00e1irt\u00edochta\u00ed \u00d3ige Ild\u00e1nach ar Oile\u00e1n Comhroinnte.","breadcrumb":{"@id":"https:\/\/www.creativeireland.gov.ie\/ga\/nuacht\/maoiniu-bronnta-ar-music-generation-macnas-fighting-words-narrative-4-extern-northern-ireland-agus-tallaght-community-arts-i-leith-chomhphairtiochtai-oige-ildanach-ar-oilean-comhroinnte\/#breadcrumb"},"inLanguage":"ga-IE","potentialAction":[{"@type":"ReadAction","target":["https:\/\/www.creativeireland.gov.ie\/ga\/nuacht\/maoiniu-bronnta-ar-music-generation-macnas-fighting-words-narrative-4-extern-northern-ireland-agus-tallaght-community-arts-i-leith-chomhphairtiochtai-oige-ildanach-ar-oilean-comhroinnte\/"]}]},{"@type":"ImageObject","inLanguage":"ga-IE","@id":"https:\/\/www.creativeireland.gov.ie\/ga\/nuacht\/maoiniu-bronnta-ar-music-generation-macnas-fighting-words-narrative-4-extern-northern-ireland-agus-tallaght-community-arts-i-leith-chomhphairtiochtai-oige-ildanach-ar-oilean-comhroinnte\/#primaryimage","url":"https:\/\/www.creativeireland.gov.ie\/app\/uploads\/2024\/07\/20240715Donegal-7-scaled.jpg","contentUrl":"https:\/\/www.creativeireland.gov.ie\/app\/uploads\/2024\/07\/20240715Donegal-7-scaled.jpg","width":2560,"height":1707,"caption":"Photo Darragh Kane"},{"@type":"BreadcrumbList","@id":"https:\/\/www.creativeireland.gov.ie\/ga\/nuacht\/maoiniu-bronnta-ar-music-generation-macnas-fighting-words-narrative-4-extern-northern-ireland-agus-tallaght-community-arts-i-leith-chomhphairtiochtai-oige-ildanach-ar-oilean-comhroinnte\/#breadcrumb","itemListElement":[{"@type":"ListItem","position":1,"name":"Home","item":"https:\/\/www.creativeireland.gov.ie\/ga\/"},{"@type":"ListItem","position":2,"name":"Maoini\u00fa bronnta ar Music Generation, Macnas, Fighting Words, Narrative 4, Extern Northern Ireland agus Tallaght Community Arts i leith Chomhph\u00e1irt\u00edochta\u00ed \u00d3ige Ild\u00e1nach ar Oile\u00e1n Comhroinnte."}]},{"@type":"WebSite","@id":"https:\/\/www.creativeireland.gov.ie\/ga\/#website","url":"https:\/\/www.creativeireland.gov.ie\/ga\/","name":"Creative Ireland Programme","description":"The Creative Ireland Programme is guided by a vision that every person in Ireland will have the opportunity to realise their full creative potential. It is a five year all-of-Government initiative, from 2017 to 2022, to place creativity at the centre of public policy.","potentialAction":[{"@type":"SearchAction","target":{"@type":"EntryPoint","urlTemplate":"https:\/\/www.creativeireland.gov.ie\/ga\/?s={search_term_string}"},"query-input":{"@type":"PropertyValueSpecification","valueRequired":true,"valueName":"search_term_string"}}],"inLanguage":"ga-IE"}]}},"_links":{"self":[{"href":"https:\/\/www.creativeireland.gov.ie\/ga\/wp-json\/wp\/v2\/news\/31977","targetHints":{"allow":["GET"]}}],"collection":[{"href":"https:\/\/www.creativeireland.gov.ie\/ga\/wp-json\/wp\/v2\/news"}],"about":[{"href":"https:\/\/www.creativeireland.gov.ie\/ga\/wp-json\/wp\/v2\/types\/news"}],"wp:featuredmedia":[{"embeddable":true,"href":"https:\/\/www.creativeireland.gov.ie\/ga\/wp-json\/wp\/v2\/media\/31974"}],"wp:attachment":[{"href":"https:\/\/www.creativeireland.gov.ie\/ga\/wp-json\/wp\/v2\/media?parent=31977"}],"wp:term":[{"taxonomy":"category","embeddable":true,"href":"https:\/\/www.creativeireland.gov.ie\/ga\/wp-json\/wp\/v2\/categories?post=31977"},{"taxonomy":"news-tags","embeddable":true,"href":"https:\/\/www.creativeireland.gov.ie\/ga\/wp-json\/wp\/v2\/news-tags?post=31977"}],"curies":[{"name":"wp","href":"https:\/\/api.w.org\/{rel}","templated":true}]}}