{"id":6832,"date":"2019-03-29T18:21:43","date_gmt":"2019-03-29T18:21:43","guid":{"rendered":"https:\/\/prod-creativeireland.zestydev.com\/news\/a-catalyst-for-fledgling-creativity\/"},"modified":"2020-01-10T10:50:22","modified_gmt":"2020-01-10T10:50:22","slug":"ag-cur-dlus-faoin-gcruthaitheacht-i-ndaoine-oga","status":"publish","type":"news","link":"https:\/\/www.creativeireland.gov.ie\/ga\/nuacht\/ag-cur-dlus-faoin-gcruthaitheacht-i-ndaoine-oga\/","title":{"rendered":"\u201cAg cur dl\u00fas faoin gcruthaitheacht i ndaoine \u00f3ga\u201d"},"content":{"rendered":"","protected":false},"featured_media":4790,"menu_order":0,"template":"page-creative-nation-basic-content.php","categories":[],"news-tags":[108,78,109],"class_list":["post-6832","news","type-news","status-publish","has-post-thumbnail","hentry","news-tags-children-and-youth-ga","news-tags-creative-cultural-development-ga","news-tags-creative-schools-ga"],"acf":[],"yoast_head":"<!-- This site is optimized with the Yoast SEO plugin v25.9 - https:\/\/yoast.com\/wordpress\/plugins\/seo\/ -->\n<title>\u201cAg cur dl\u00fas faoin gcruthaitheacht i ndaoine \u00f3ga\u201d - Creative Ireland Programme<\/title>\n<meta name=\"description\" content=\"Dalta\u00ed bunscoile ag \u00e9ir\u00ed cleachtach ar an eala\u00edn chomhaimseartha a bhu\u00ed don Classroom Museum de chuid Glucksman.\" \/>\n<meta name=\"robots\" content=\"index, follow, max-snippet:-1, max-image-preview:large, max-video-preview:-1\" \/>\n<link rel=\"canonical\" href=\"https:\/\/www.creativeireland.gov.ie\/ga\/nuacht\/ag-cur-dlus-faoin-gcruthaitheacht-i-ndaoine-oga\/\" \/>\n<meta property=\"og:locale\" content=\"ga_IE\" \/>\n<meta property=\"og:type\" content=\"article\" \/>\n<meta property=\"og:title\" content=\"\u201cAg cur dl\u00fas faoin gcruthaitheacht i ndaoine \u00f3ga\u201d - Creative Ireland Programme\" \/>\n<meta property=\"og:description\" content=\"Dalta\u00ed bunscoile ag \u00e9ir\u00ed cleachtach ar an eala\u00edn chomhaimseartha a bhu\u00ed don Classroom Museum de chuid Glucksman.\" \/>\n<meta property=\"og:url\" content=\"https:\/\/www.creativeireland.gov.ie\/ga\/nuacht\/ag-cur-dlus-faoin-gcruthaitheacht-i-ndaoine-oga\/\" \/>\n<meta property=\"og:site_name\" content=\"Creative Ireland Programme\" \/>\n<meta property=\"article:publisher\" content=\"https:\/\/www.facebook.com\/CreativeIrl\/\" \/>\n<meta property=\"article:modified_time\" content=\"2020-01-10T10:50:22+00:00\" \/>\n<meta property=\"og:image\" content=\"https:\/\/www.creativeireland.gov.ie\/app\/uploads\/2019\/12\/Classroom-Museum.png\" \/>\n\t<meta property=\"og:image:width\" content=\"1200\" \/>\n\t<meta property=\"og:image:height\" content=\"497\" \/>\n\t<meta property=\"og:image:type\" content=\"image\/png\" \/>\n<meta name=\"twitter:card\" content=\"summary_large_image\" \/>\n<meta name=\"twitter:site\" content=\"@creativeirl\" \/>\n<script type=\"application\/ld+json\" class=\"yoast-schema-graph\">{\"@context\":\"https:\/\/schema.org\",\"@graph\":[{\"@type\":\"WebPage\",\"@id\":\"https:\/\/www.creativeireland.gov.ie\/ga\/nuacht\/ag-cur-dlus-faoin-gcruthaitheacht-i-ndaoine-oga\/\",\"url\":\"https:\/\/www.creativeireland.gov.ie\/ga\/nuacht\/ag-cur-dlus-faoin-gcruthaitheacht-i-ndaoine-oga\/\",\"name\":\"\u201cAg cur dl\u00fas faoin gcruthaitheacht i ndaoine \u00f3ga\u201d - Creative Ireland Programme\",\"isPartOf\":{\"@id\":\"https:\/\/www.creativeireland.gov.ie\/ga\/#website\"},\"primaryImageOfPage\":{\"@id\":\"https:\/\/www.creativeireland.gov.ie\/ga\/nuacht\/ag-cur-dlus-faoin-gcruthaitheacht-i-ndaoine-oga\/#primaryimage\"},\"image\":{\"@id\":\"https:\/\/www.creativeireland.gov.ie\/ga\/nuacht\/ag-cur-dlus-faoin-gcruthaitheacht-i-ndaoine-oga\/#primaryimage\"},\"thumbnailUrl\":\"https:\/\/www.creativeireland.gov.ie\/app\/uploads\/2019\/12\/Classroom-Museum.png\",\"datePublished\":\"2019-03-29T18:21:43+00:00\",\"dateModified\":\"2020-01-10T10:50:22+00:00\",\"description\":\"Dalta\u00ed bunscoile ag \u00e9ir\u00ed cleachtach ar an eala\u00edn chomhaimseartha a bhu\u00ed don Classroom Museum de chuid Glucksman.\",\"breadcrumb\":{\"@id\":\"https:\/\/www.creativeireland.gov.ie\/ga\/nuacht\/ag-cur-dlus-faoin-gcruthaitheacht-i-ndaoine-oga\/#breadcrumb\"},\"inLanguage\":\"ga-IE\",\"potentialAction\":[{\"@type\":\"ReadAction\",\"target\":[\"https:\/\/www.creativeireland.gov.ie\/ga\/nuacht\/ag-cur-dlus-faoin-gcruthaitheacht-i-ndaoine-oga\/\"]}]},{\"@type\":\"ImageObject\",\"inLanguage\":\"ga-IE\",\"@id\":\"https:\/\/www.creativeireland.gov.ie\/ga\/nuacht\/ag-cur-dlus-faoin-gcruthaitheacht-i-ndaoine-oga\/#primaryimage\",\"url\":\"https:\/\/www.creativeireland.gov.ie\/app\/uploads\/2019\/12\/Classroom-Museum.png\",\"contentUrl\":\"https:\/\/www.creativeireland.gov.ie\/app\/uploads\/2019\/12\/Classroom-Museum.png\",\"width\":1200,\"height\":497,\"caption\":\"\\\"Catalyst for fledgling creativity\\\"\"},{\"@type\":\"BreadcrumbList\",\"@id\":\"https:\/\/www.creativeireland.gov.ie\/ga\/nuacht\/ag-cur-dlus-faoin-gcruthaitheacht-i-ndaoine-oga\/#breadcrumb\",\"itemListElement\":[{\"@type\":\"ListItem\",\"position\":1,\"name\":\"Home\",\"item\":\"https:\/\/www.creativeireland.gov.ie\/ga\/\"},{\"@type\":\"ListItem\",\"position\":2,\"name\":\"\u201cAg cur dl\u00fas faoin gcruthaitheacht i ndaoine \u00f3ga\u201d\"}]},{\"@type\":\"WebSite\",\"@id\":\"https:\/\/www.creativeireland.gov.ie\/ga\/#website\",\"url\":\"https:\/\/www.creativeireland.gov.ie\/ga\/\",\"name\":\"Creative Ireland Programme\",\"description\":\"The Creative Ireland Programme is guided by a vision that every person in Ireland will have the opportunity to realise their full creative potential. It is a five year all-of-Government initiative, from 2017 to 2022, to place creativity at the centre of public policy.\",\"potentialAction\":[{\"@type\":\"SearchAction\",\"target\":{\"@type\":\"EntryPoint\",\"urlTemplate\":\"https:\/\/www.creativeireland.gov.ie\/ga\/?s={search_term_string}\"},\"query-input\":{\"@type\":\"PropertyValueSpecification\",\"valueRequired\":true,\"valueName\":\"search_term_string\"}}],\"inLanguage\":\"ga-IE\"}]}<\/script>\n<!-- \/ Yoast SEO plugin. -->","yoast_head_json":{"title":"\u201cAg cur dl\u00fas faoin gcruthaitheacht i ndaoine \u00f3ga\u201d - Creative Ireland Programme","description":"Dalta\u00ed bunscoile ag \u00e9ir\u00ed cleachtach ar an eala\u00edn chomhaimseartha a bhu\u00ed don Classroom Museum de chuid Glucksman.","robots":{"index":"index","follow":"follow","max-snippet":"max-snippet:-1","max-image-preview":"max-image-preview:large","max-video-preview":"max-video-preview:-1"},"canonical":"https:\/\/www.creativeireland.gov.ie\/ga\/nuacht\/ag-cur-dlus-faoin-gcruthaitheacht-i-ndaoine-oga\/","og_locale":"ga_IE","og_type":"article","og_title":"\u201cAg cur dl\u00fas faoin gcruthaitheacht i ndaoine \u00f3ga\u201d - Creative Ireland Programme","og_description":"Dalta\u00ed bunscoile ag \u00e9ir\u00ed cleachtach ar an eala\u00edn chomhaimseartha a bhu\u00ed don Classroom Museum de chuid Glucksman.","og_url":"https:\/\/www.creativeireland.gov.ie\/ga\/nuacht\/ag-cur-dlus-faoin-gcruthaitheacht-i-ndaoine-oga\/","og_site_name":"Creative Ireland Programme","article_publisher":"https:\/\/www.facebook.com\/CreativeIrl\/","article_modified_time":"2020-01-10T10:50:22+00:00","og_image":[{"width":1200,"height":497,"url":"https:\/\/www.creativeireland.gov.ie\/app\/uploads\/2019\/12\/Classroom-Museum.png","type":"image\/png"}],"twitter_card":"summary_large_image","twitter_site":"@creativeirl","schema":{"@context":"https:\/\/schema.org","@graph":[{"@type":"WebPage","@id":"https:\/\/www.creativeireland.gov.ie\/ga\/nuacht\/ag-cur-dlus-faoin-gcruthaitheacht-i-ndaoine-oga\/","url":"https:\/\/www.creativeireland.gov.ie\/ga\/nuacht\/ag-cur-dlus-faoin-gcruthaitheacht-i-ndaoine-oga\/","name":"\u201cAg cur dl\u00fas faoin gcruthaitheacht i ndaoine \u00f3ga\u201d - Creative Ireland Programme","isPartOf":{"@id":"https:\/\/www.creativeireland.gov.ie\/ga\/#website"},"primaryImageOfPage":{"@id":"https:\/\/www.creativeireland.gov.ie\/ga\/nuacht\/ag-cur-dlus-faoin-gcruthaitheacht-i-ndaoine-oga\/#primaryimage"},"image":{"@id":"https:\/\/www.creativeireland.gov.ie\/ga\/nuacht\/ag-cur-dlus-faoin-gcruthaitheacht-i-ndaoine-oga\/#primaryimage"},"thumbnailUrl":"https:\/\/www.creativeireland.gov.ie\/app\/uploads\/2019\/12\/Classroom-Museum.png","datePublished":"2019-03-29T18:21:43+00:00","dateModified":"2020-01-10T10:50:22+00:00","description":"Dalta\u00ed bunscoile ag \u00e9ir\u00ed cleachtach ar an eala\u00edn chomhaimseartha a bhu\u00ed don Classroom Museum de chuid Glucksman.","breadcrumb":{"@id":"https:\/\/www.creativeireland.gov.ie\/ga\/nuacht\/ag-cur-dlus-faoin-gcruthaitheacht-i-ndaoine-oga\/#breadcrumb"},"inLanguage":"ga-IE","potentialAction":[{"@type":"ReadAction","target":["https:\/\/www.creativeireland.gov.ie\/ga\/nuacht\/ag-cur-dlus-faoin-gcruthaitheacht-i-ndaoine-oga\/"]}]},{"@type":"ImageObject","inLanguage":"ga-IE","@id":"https:\/\/www.creativeireland.gov.ie\/ga\/nuacht\/ag-cur-dlus-faoin-gcruthaitheacht-i-ndaoine-oga\/#primaryimage","url":"https:\/\/www.creativeireland.gov.ie\/app\/uploads\/2019\/12\/Classroom-Museum.png","contentUrl":"https:\/\/www.creativeireland.gov.ie\/app\/uploads\/2019\/12\/Classroom-Museum.png","width":1200,"height":497,"caption":"\"Catalyst for fledgling creativity\""},{"@type":"BreadcrumbList","@id":"https:\/\/www.creativeireland.gov.ie\/ga\/nuacht\/ag-cur-dlus-faoin-gcruthaitheacht-i-ndaoine-oga\/#breadcrumb","itemListElement":[{"@type":"ListItem","position":1,"name":"Home","item":"https:\/\/www.creativeireland.gov.ie\/ga\/"},{"@type":"ListItem","position":2,"name":"\u201cAg cur dl\u00fas faoin gcruthaitheacht i ndaoine \u00f3ga\u201d"}]},{"@type":"WebSite","@id":"https:\/\/www.creativeireland.gov.ie\/ga\/#website","url":"https:\/\/www.creativeireland.gov.ie\/ga\/","name":"Creative Ireland Programme","description":"The Creative Ireland Programme is guided by a vision that every person in Ireland will have the opportunity to realise their full creative potential. It is a five year all-of-Government initiative, from 2017 to 2022, to place creativity at the centre of public policy.","potentialAction":[{"@type":"SearchAction","target":{"@type":"EntryPoint","urlTemplate":"https:\/\/www.creativeireland.gov.ie\/ga\/?s={search_term_string}"},"query-input":{"@type":"PropertyValueSpecification","valueRequired":true,"valueName":"search_term_string"}}],"inLanguage":"ga-IE"}]}},"_links":{"self":[{"href":"https:\/\/www.creativeireland.gov.ie\/ga\/wp-json\/wp\/v2\/news\/6832","targetHints":{"allow":["GET"]}}],"collection":[{"href":"https:\/\/www.creativeireland.gov.ie\/ga\/wp-json\/wp\/v2\/news"}],"about":[{"href":"https:\/\/www.creativeireland.gov.ie\/ga\/wp-json\/wp\/v2\/types\/news"}],"wp:featuredmedia":[{"embeddable":true,"href":"https:\/\/www.creativeireland.gov.ie\/ga\/wp-json\/wp\/v2\/media\/4790"}],"wp:attachment":[{"href":"https:\/\/www.creativeireland.gov.ie\/ga\/wp-json\/wp\/v2\/media?parent=6832"}],"wp:term":[{"taxonomy":"category","embeddable":true,"href":"https:\/\/www.creativeireland.gov.ie\/ga\/wp-json\/wp\/v2\/categories?post=6832"},{"taxonomy":"news-tags","embeddable":true,"href":"https:\/\/www.creativeireland.gov.ie\/ga\/wp-json\/wp\/v2\/news-tags?post=6832"}],"curies":[{"name":"wp","href":"https:\/\/api.w.org\/{rel}","templated":true}]}}