{"id":6841,"date":"2019-06-28T12:11:18","date_gmt":"2019-06-28T11:11:18","guid":{"rendered":"https:\/\/prod-creativeireland.zestydev.com\/news\/digging-deeper-the-discovery-programme-podcast\/"},"modified":"2020-01-10T11:12:19","modified_gmt":"2020-01-10T11:12:19","slug":"ag-tochailt-nios-doimhne-podchraoladh-an-chlair-fionnachtana","status":"publish","type":"news","link":"https:\/\/www.creativeireland.gov.ie\/ga\/nuacht\/ag-tochailt-nios-doimhne-podchraoladh-an-chlair-fionnachtana\/","title":{"rendered":"Ag tochailt n\u00edos doimhne: Podchraoladh an Chl\u00e1ir Fionnachtana"},"content":{"rendered":"","protected":false},"featured_media":4828,"menu_order":0,"template":"page-creative-nation-basic-content.php","categories":[],"news-tags":[110,102,79],"class_list":["post-6841","news","type-news","status-publish","has-post-thumbnail","hentry","news-tags-archaeology-ga","news-tags-creative-organisations-ga","news-tags-cultural-investment-ga"],"acf":[],"yoast_head":"<!-- This site is optimized with the Yoast SEO plugin v25.9 - https:\/\/yoast.com\/wordpress\/plugins\/seo\/ -->\n<title>Ag tochailt n\u00edos doimhne: Podchraoladh an Chl\u00e1ir Fionnachtana - Creative Ireland Programme<\/title>\n<meta name=\"description\" content=\"\u00d3 bhachalla ar ceapadh gurbh \u00e9isc a bh\u00ed iontu go d\u00e9ant\u00e1in ar ceapadh go raibh siad caillte go deo, ini\u00fachann sraith nua podchraolta\u00ed na sc\u00e9alta faoin gcaoi ar th\u00e1ngthas ar na nithe is c\u00e1ili\u00fala i seand\u00e1la\u00edocht na h\u00c9ireann.\" \/>\n<meta name=\"robots\" content=\"index, follow, max-snippet:-1, max-image-preview:large, max-video-preview:-1\" \/>\n<link rel=\"canonical\" href=\"https:\/\/www.creativeireland.gov.ie\/ga\/nuacht\/ag-tochailt-nios-doimhne-podchraoladh-an-chlair-fionnachtana\/\" \/>\n<meta property=\"og:locale\" content=\"ga_IE\" \/>\n<meta property=\"og:type\" content=\"article\" \/>\n<meta property=\"og:title\" content=\"Ag tochailt n\u00edos doimhne: Podchraoladh an Chl\u00e1ir Fionnachtana - Creative Ireland Programme\" \/>\n<meta property=\"og:description\" content=\"\u00d3 bhachalla ar ceapadh gurbh \u00e9isc a bh\u00ed iontu go d\u00e9ant\u00e1in ar ceapadh go raibh siad caillte go deo, ini\u00fachann sraith nua podchraolta\u00ed na sc\u00e9alta faoin gcaoi ar th\u00e1ngthas ar na nithe is c\u00e1ili\u00fala i seand\u00e1la\u00edocht na h\u00c9ireann.\" \/>\n<meta property=\"og:url\" content=\"https:\/\/www.creativeireland.gov.ie\/ga\/nuacht\/ag-tochailt-nios-doimhne-podchraoladh-an-chlair-fionnachtana\/\" \/>\n<meta property=\"og:site_name\" content=\"Creative Ireland Programme\" \/>\n<meta property=\"article:publisher\" content=\"https:\/\/www.facebook.com\/CreativeIrl\/\" \/>\n<meta property=\"article:modified_time\" content=\"2020-01-10T11:12:19+00:00\" \/>\n<meta property=\"og:image\" content=\"https:\/\/www.creativeireland.gov.ie\/app\/uploads\/2019\/12\/Digging-Deerper-Archaeology.jpg\" \/>\n\t<meta property=\"og:image:width\" content=\"1200\" \/>\n\t<meta property=\"og:image:height\" content=\"711\" \/>\n\t<meta property=\"og:image:type\" content=\"image\/jpeg\" \/>\n<meta name=\"twitter:card\" content=\"summary_large_image\" \/>\n<meta name=\"twitter:site\" content=\"@creativeirl\" \/>\n<script type=\"application\/ld+json\" class=\"yoast-schema-graph\">{\"@context\":\"https:\/\/schema.org\",\"@graph\":[{\"@type\":\"WebPage\",\"@id\":\"https:\/\/www.creativeireland.gov.ie\/ga\/nuacht\/ag-tochailt-nios-doimhne-podchraoladh-an-chlair-fionnachtana\/\",\"url\":\"https:\/\/www.creativeireland.gov.ie\/ga\/nuacht\/ag-tochailt-nios-doimhne-podchraoladh-an-chlair-fionnachtana\/\",\"name\":\"Ag tochailt n\u00edos doimhne: Podchraoladh an Chl\u00e1ir Fionnachtana - Creative Ireland Programme\",\"isPartOf\":{\"@id\":\"https:\/\/www.creativeireland.gov.ie\/ga\/#website\"},\"primaryImageOfPage\":{\"@id\":\"https:\/\/www.creativeireland.gov.ie\/ga\/nuacht\/ag-tochailt-nios-doimhne-podchraoladh-an-chlair-fionnachtana\/#primaryimage\"},\"image\":{\"@id\":\"https:\/\/www.creativeireland.gov.ie\/ga\/nuacht\/ag-tochailt-nios-doimhne-podchraoladh-an-chlair-fionnachtana\/#primaryimage\"},\"thumbnailUrl\":\"https:\/\/www.creativeireland.gov.ie\/app\/uploads\/2019\/12\/Digging-Deerper-Archaeology.jpg\",\"datePublished\":\"2019-06-28T11:11:18+00:00\",\"dateModified\":\"2020-01-10T11:12:19+00:00\",\"description\":\"\u00d3 bhachalla ar ceapadh gurbh \u00e9isc a bh\u00ed iontu go d\u00e9ant\u00e1in ar ceapadh go raibh siad caillte go deo, ini\u00fachann sraith nua podchraolta\u00ed na sc\u00e9alta faoin gcaoi ar th\u00e1ngthas ar na nithe is c\u00e1ili\u00fala i seand\u00e1la\u00edocht na h\u00c9ireann.\",\"breadcrumb\":{\"@id\":\"https:\/\/www.creativeireland.gov.ie\/ga\/nuacht\/ag-tochailt-nios-doimhne-podchraoladh-an-chlair-fionnachtana\/#breadcrumb\"},\"inLanguage\":\"ga-IE\",\"potentialAction\":[{\"@type\":\"ReadAction\",\"target\":[\"https:\/\/www.creativeireland.gov.ie\/ga\/nuacht\/ag-tochailt-nios-doimhne-podchraoladh-an-chlair-fionnachtana\/\"]}]},{\"@type\":\"ImageObject\",\"inLanguage\":\"ga-IE\",\"@id\":\"https:\/\/www.creativeireland.gov.ie\/ga\/nuacht\/ag-tochailt-nios-doimhne-podchraoladh-an-chlair-fionnachtana\/#primaryimage\",\"url\":\"https:\/\/www.creativeireland.gov.ie\/app\/uploads\/2019\/12\/Digging-Deerper-Archaeology.jpg\",\"contentUrl\":\"https:\/\/www.creativeireland.gov.ie\/app\/uploads\/2019\/12\/Digging-Deerper-Archaeology.jpg\",\"width\":1200,\"height\":711,\"caption\":\"Digging Deerper - Archaeology\"},{\"@type\":\"BreadcrumbList\",\"@id\":\"https:\/\/www.creativeireland.gov.ie\/ga\/nuacht\/ag-tochailt-nios-doimhne-podchraoladh-an-chlair-fionnachtana\/#breadcrumb\",\"itemListElement\":[{\"@type\":\"ListItem\",\"position\":1,\"name\":\"Home\",\"item\":\"https:\/\/www.creativeireland.gov.ie\/ga\/\"},{\"@type\":\"ListItem\",\"position\":2,\"name\":\"Ag tochailt n\u00edos doimhne: Podchraoladh an Chl\u00e1ir Fionnachtana\"}]},{\"@type\":\"WebSite\",\"@id\":\"https:\/\/www.creativeireland.gov.ie\/ga\/#website\",\"url\":\"https:\/\/www.creativeireland.gov.ie\/ga\/\",\"name\":\"Creative Ireland Programme\",\"description\":\"The Creative Ireland Programme is guided by a vision that every person in Ireland will have the opportunity to realise their full creative potential. It is a five year all-of-Government initiative, from 2017 to 2022, to place creativity at the centre of public policy.\",\"potentialAction\":[{\"@type\":\"SearchAction\",\"target\":{\"@type\":\"EntryPoint\",\"urlTemplate\":\"https:\/\/www.creativeireland.gov.ie\/ga\/?s={search_term_string}\"},\"query-input\":{\"@type\":\"PropertyValueSpecification\",\"valueRequired\":true,\"valueName\":\"search_term_string\"}}],\"inLanguage\":\"ga-IE\"}]}<\/script>\n<!-- \/ Yoast SEO plugin. -->","yoast_head_json":{"title":"Ag tochailt n\u00edos doimhne: Podchraoladh an Chl\u00e1ir Fionnachtana - Creative Ireland Programme","description":"\u00d3 bhachalla ar ceapadh gurbh \u00e9isc a bh\u00ed iontu go d\u00e9ant\u00e1in ar ceapadh go raibh siad caillte go deo, ini\u00fachann sraith nua podchraolta\u00ed na sc\u00e9alta faoin gcaoi ar th\u00e1ngthas ar na nithe is c\u00e1ili\u00fala i seand\u00e1la\u00edocht na h\u00c9ireann.","robots":{"index":"index","follow":"follow","max-snippet":"max-snippet:-1","max-image-preview":"max-image-preview:large","max-video-preview":"max-video-preview:-1"},"canonical":"https:\/\/www.creativeireland.gov.ie\/ga\/nuacht\/ag-tochailt-nios-doimhne-podchraoladh-an-chlair-fionnachtana\/","og_locale":"ga_IE","og_type":"article","og_title":"Ag tochailt n\u00edos doimhne: Podchraoladh an Chl\u00e1ir Fionnachtana - Creative Ireland Programme","og_description":"\u00d3 bhachalla ar ceapadh gurbh \u00e9isc a bh\u00ed iontu go d\u00e9ant\u00e1in ar ceapadh go raibh siad caillte go deo, ini\u00fachann sraith nua podchraolta\u00ed na sc\u00e9alta faoin gcaoi ar th\u00e1ngthas ar na nithe is c\u00e1ili\u00fala i seand\u00e1la\u00edocht na h\u00c9ireann.","og_url":"https:\/\/www.creativeireland.gov.ie\/ga\/nuacht\/ag-tochailt-nios-doimhne-podchraoladh-an-chlair-fionnachtana\/","og_site_name":"Creative Ireland Programme","article_publisher":"https:\/\/www.facebook.com\/CreativeIrl\/","article_modified_time":"2020-01-10T11:12:19+00:00","og_image":[{"width":1200,"height":711,"url":"https:\/\/www.creativeireland.gov.ie\/app\/uploads\/2019\/12\/Digging-Deerper-Archaeology.jpg","type":"image\/jpeg"}],"twitter_card":"summary_large_image","twitter_site":"@creativeirl","schema":{"@context":"https:\/\/schema.org","@graph":[{"@type":"WebPage","@id":"https:\/\/www.creativeireland.gov.ie\/ga\/nuacht\/ag-tochailt-nios-doimhne-podchraoladh-an-chlair-fionnachtana\/","url":"https:\/\/www.creativeireland.gov.ie\/ga\/nuacht\/ag-tochailt-nios-doimhne-podchraoladh-an-chlair-fionnachtana\/","name":"Ag tochailt n\u00edos doimhne: Podchraoladh an Chl\u00e1ir Fionnachtana - Creative Ireland Programme","isPartOf":{"@id":"https:\/\/www.creativeireland.gov.ie\/ga\/#website"},"primaryImageOfPage":{"@id":"https:\/\/www.creativeireland.gov.ie\/ga\/nuacht\/ag-tochailt-nios-doimhne-podchraoladh-an-chlair-fionnachtana\/#primaryimage"},"image":{"@id":"https:\/\/www.creativeireland.gov.ie\/ga\/nuacht\/ag-tochailt-nios-doimhne-podchraoladh-an-chlair-fionnachtana\/#primaryimage"},"thumbnailUrl":"https:\/\/www.creativeireland.gov.ie\/app\/uploads\/2019\/12\/Digging-Deerper-Archaeology.jpg","datePublished":"2019-06-28T11:11:18+00:00","dateModified":"2020-01-10T11:12:19+00:00","description":"\u00d3 bhachalla ar ceapadh gurbh \u00e9isc a bh\u00ed iontu go d\u00e9ant\u00e1in ar ceapadh go raibh siad caillte go deo, ini\u00fachann sraith nua podchraolta\u00ed na sc\u00e9alta faoin gcaoi ar th\u00e1ngthas ar na nithe is c\u00e1ili\u00fala i seand\u00e1la\u00edocht na h\u00c9ireann.","breadcrumb":{"@id":"https:\/\/www.creativeireland.gov.ie\/ga\/nuacht\/ag-tochailt-nios-doimhne-podchraoladh-an-chlair-fionnachtana\/#breadcrumb"},"inLanguage":"ga-IE","potentialAction":[{"@type":"ReadAction","target":["https:\/\/www.creativeireland.gov.ie\/ga\/nuacht\/ag-tochailt-nios-doimhne-podchraoladh-an-chlair-fionnachtana\/"]}]},{"@type":"ImageObject","inLanguage":"ga-IE","@id":"https:\/\/www.creativeireland.gov.ie\/ga\/nuacht\/ag-tochailt-nios-doimhne-podchraoladh-an-chlair-fionnachtana\/#primaryimage","url":"https:\/\/www.creativeireland.gov.ie\/app\/uploads\/2019\/12\/Digging-Deerper-Archaeology.jpg","contentUrl":"https:\/\/www.creativeireland.gov.ie\/app\/uploads\/2019\/12\/Digging-Deerper-Archaeology.jpg","width":1200,"height":711,"caption":"Digging Deerper - Archaeology"},{"@type":"BreadcrumbList","@id":"https:\/\/www.creativeireland.gov.ie\/ga\/nuacht\/ag-tochailt-nios-doimhne-podchraoladh-an-chlair-fionnachtana\/#breadcrumb","itemListElement":[{"@type":"ListItem","position":1,"name":"Home","item":"https:\/\/www.creativeireland.gov.ie\/ga\/"},{"@type":"ListItem","position":2,"name":"Ag tochailt n\u00edos doimhne: Podchraoladh an Chl\u00e1ir Fionnachtana"}]},{"@type":"WebSite","@id":"https:\/\/www.creativeireland.gov.ie\/ga\/#website","url":"https:\/\/www.creativeireland.gov.ie\/ga\/","name":"Creative Ireland Programme","description":"The Creative Ireland Programme is guided by a vision that every person in Ireland will have the opportunity to realise their full creative potential. It is a five year all-of-Government initiative, from 2017 to 2022, to place creativity at the centre of public policy.","potentialAction":[{"@type":"SearchAction","target":{"@type":"EntryPoint","urlTemplate":"https:\/\/www.creativeireland.gov.ie\/ga\/?s={search_term_string}"},"query-input":{"@type":"PropertyValueSpecification","valueRequired":true,"valueName":"search_term_string"}}],"inLanguage":"ga-IE"}]}},"_links":{"self":[{"href":"https:\/\/www.creativeireland.gov.ie\/ga\/wp-json\/wp\/v2\/news\/6841","targetHints":{"allow":["GET"]}}],"collection":[{"href":"https:\/\/www.creativeireland.gov.ie\/ga\/wp-json\/wp\/v2\/news"}],"about":[{"href":"https:\/\/www.creativeireland.gov.ie\/ga\/wp-json\/wp\/v2\/types\/news"}],"wp:featuredmedia":[{"embeddable":true,"href":"https:\/\/www.creativeireland.gov.ie\/ga\/wp-json\/wp\/v2\/media\/4828"}],"wp:attachment":[{"href":"https:\/\/www.creativeireland.gov.ie\/ga\/wp-json\/wp\/v2\/media?parent=6841"}],"wp:term":[{"taxonomy":"category","embeddable":true,"href":"https:\/\/www.creativeireland.gov.ie\/ga\/wp-json\/wp\/v2\/categories?post=6841"},{"taxonomy":"news-tags","embeddable":true,"href":"https:\/\/www.creativeireland.gov.ie\/ga\/wp-json\/wp\/v2\/news-tags?post=6841"}],"curies":[{"name":"wp","href":"https:\/\/api.w.org\/{rel}","templated":true}]}}