{"id":7291,"date":"2017-03-15T21:47:00","date_gmt":"2017-03-15T21:47:00","guid":{"rendered":"https:\/\/prod-creativeireland.zestydev.com\/news\/new-creative-ireland-ireland-ie-online-portal-launched-as-part-of-us-st-patricks-day-visit\/"},"modified":"2020-01-16T13:48:12","modified_gmt":"2020-01-16T13:48:12","slug":"cuairt-la-fheile-padraig-ar-mheiricea","status":"publish","type":"news","link":"https:\/\/www.creativeireland.gov.ie\/ga\/nuacht\/cuairt-la-fheile-padraig-ar-mheiricea\/","title":{"rendered":"Tairseach nua ar l\u00edne \u00c9ire Ild\u00e1nach\/Ireland.ie \u00e1 seoladh mar chuid de chuairt L\u00e1 Fh\u00e9ile P\u00e1draig ar Mheirice\u00e1"},"content":{"rendered":"","protected":false},"featured_media":5233,"menu_order":0,"template":"page-creative-nation-basic-content.php","categories":[],"news-tags":[78,102,116],"class_list":["post-7291","news","type-news","status-publish","has-post-thumbnail","hentry","news-tags-creative-cultural-development-ga","news-tags-creative-organisations-ga","news-tags-global-reputation-ga"],"acf":[],"yoast_head":"<!-- This site is optimized with the Yoast SEO plugin v25.9 - https:\/\/yoast.com\/wordpress\/plugins\/seo\/ -->\n<title>Tairseach nua ar l\u00edne \u00c9ire Ild\u00e1nach\/Ireland.ie \u00e1 seoladh mar chuid de chuairt L\u00e1 Fh\u00e9ile P\u00e1draig ar Mheirice\u00e1 - Creative Ireland Programme<\/title>\n<meta name=\"description\" content=\"Sheol an Taoiseach Enda Kenny, T.D. tairseach nua Ireland.ie inniu (D\u00e9 C\u00e9adaoin) mar chuid d\u00e1 chuairt ar na St\u00e1it Aontaithe do L\u00e1 Fh\u00e9ile P\u00e1draig. Is tionscnamh de chuid Chl\u00e1r \u00c9ire Ild\u00e1nach \u00e9 an su\u00edomh gr\u00e9as\u00e1in nua, ina gcuirtear an cult\u00far agus an chruthaitheacht i l\u00e1r an aonaigh maidir len\u00e1r mbeartas poibl\u00ed.\" \/>\n<meta name=\"robots\" content=\"index, follow, max-snippet:-1, max-image-preview:large, max-video-preview:-1\" \/>\n<link rel=\"canonical\" href=\"https:\/\/www.creativeireland.gov.ie\/ga\/nuacht\/cuairt-la-fheile-padraig-ar-mheiricea\/\" \/>\n<meta property=\"og:locale\" content=\"ga_IE\" \/>\n<meta property=\"og:type\" content=\"article\" \/>\n<meta property=\"og:title\" content=\"Tairseach nua ar l\u00edne \u00c9ire Ild\u00e1nach\/Ireland.ie \u00e1 seoladh mar chuid de chuairt L\u00e1 Fh\u00e9ile P\u00e1draig ar Mheirice\u00e1 - Creative Ireland Programme\" \/>\n<meta property=\"og:description\" content=\"Sheol an Taoiseach Enda Kenny, T.D. tairseach nua Ireland.ie inniu (D\u00e9 C\u00e9adaoin) mar chuid d\u00e1 chuairt ar na St\u00e1it Aontaithe do L\u00e1 Fh\u00e9ile P\u00e1draig. Is tionscnamh de chuid Chl\u00e1r \u00c9ire Ild\u00e1nach \u00e9 an su\u00edomh gr\u00e9as\u00e1in nua, ina gcuirtear an cult\u00far agus an chruthaitheacht i l\u00e1r an aonaigh maidir len\u00e1r mbeartas poibl\u00ed.\" \/>\n<meta property=\"og:url\" content=\"https:\/\/www.creativeireland.gov.ie\/ga\/nuacht\/cuairt-la-fheile-padraig-ar-mheiricea\/\" \/>\n<meta property=\"og:site_name\" content=\"Creative Ireland Programme\" \/>\n<meta property=\"article:publisher\" content=\"https:\/\/www.facebook.com\/CreativeIrl\/\" \/>\n<meta property=\"article:modified_time\" content=\"2020-01-16T13:48:12+00:00\" \/>\n<meta property=\"og:image\" content=\"https:\/\/www.creativeireland.gov.ie\/app\/uploads\/2020\/01\/This-is-Ireland.jpg\" \/>\n\t<meta property=\"og:image:width\" content=\"1200\" \/>\n\t<meta property=\"og:image:height\" content=\"675\" \/>\n\t<meta property=\"og:image:type\" content=\"image\/jpeg\" \/>\n<meta name=\"twitter:card\" content=\"summary_large_image\" \/>\n<meta name=\"twitter:site\" content=\"@creativeirl\" \/>\n<script type=\"application\/ld+json\" class=\"yoast-schema-graph\">{\"@context\":\"https:\/\/schema.org\",\"@graph\":[{\"@type\":\"WebPage\",\"@id\":\"https:\/\/www.creativeireland.gov.ie\/ga\/nuacht\/cuairt-la-fheile-padraig-ar-mheiricea\/\",\"url\":\"https:\/\/www.creativeireland.gov.ie\/ga\/nuacht\/cuairt-la-fheile-padraig-ar-mheiricea\/\",\"name\":\"Tairseach nua ar l\u00edne \u00c9ire Ild\u00e1nach\/Ireland.ie \u00e1 seoladh mar chuid de chuairt L\u00e1 Fh\u00e9ile P\u00e1draig ar Mheirice\u00e1 - Creative Ireland Programme\",\"isPartOf\":{\"@id\":\"https:\/\/www.creativeireland.gov.ie\/ga\/#website\"},\"primaryImageOfPage\":{\"@id\":\"https:\/\/www.creativeireland.gov.ie\/ga\/nuacht\/cuairt-la-fheile-padraig-ar-mheiricea\/#primaryimage\"},\"image\":{\"@id\":\"https:\/\/www.creativeireland.gov.ie\/ga\/nuacht\/cuairt-la-fheile-padraig-ar-mheiricea\/#primaryimage\"},\"thumbnailUrl\":\"https:\/\/www.creativeireland.gov.ie\/app\/uploads\/2020\/01\/This-is-Ireland.jpg\",\"datePublished\":\"2017-03-15T21:47:00+00:00\",\"dateModified\":\"2020-01-16T13:48:12+00:00\",\"description\":\"Sheol an Taoiseach Enda Kenny, T.D. tairseach nua Ireland.ie inniu (D\u00e9 C\u00e9adaoin) mar chuid d\u00e1 chuairt ar na St\u00e1it Aontaithe do L\u00e1 Fh\u00e9ile P\u00e1draig. Is tionscnamh de chuid Chl\u00e1r \u00c9ire Ild\u00e1nach \u00e9 an su\u00edomh gr\u00e9as\u00e1in nua, ina gcuirtear an cult\u00far agus an chruthaitheacht i l\u00e1r an aonaigh maidir len\u00e1r mbeartas poibl\u00ed.\",\"breadcrumb\":{\"@id\":\"https:\/\/www.creativeireland.gov.ie\/ga\/nuacht\/cuairt-la-fheile-padraig-ar-mheiricea\/#breadcrumb\"},\"inLanguage\":\"ga-IE\",\"potentialAction\":[{\"@type\":\"ReadAction\",\"target\":[\"https:\/\/www.creativeireland.gov.ie\/ga\/nuacht\/cuairt-la-fheile-padraig-ar-mheiricea\/\"]}]},{\"@type\":\"ImageObject\",\"inLanguage\":\"ga-IE\",\"@id\":\"https:\/\/www.creativeireland.gov.ie\/ga\/nuacht\/cuairt-la-fheile-padraig-ar-mheiricea\/#primaryimage\",\"url\":\"https:\/\/www.creativeireland.gov.ie\/app\/uploads\/2020\/01\/This-is-Ireland.jpg\",\"contentUrl\":\"https:\/\/www.creativeireland.gov.ie\/app\/uploads\/2020\/01\/This-is-Ireland.jpg\",\"width\":1200,\"height\":675,\"caption\":\"This is Ireland\"},{\"@type\":\"BreadcrumbList\",\"@id\":\"https:\/\/www.creativeireland.gov.ie\/ga\/nuacht\/cuairt-la-fheile-padraig-ar-mheiricea\/#breadcrumb\",\"itemListElement\":[{\"@type\":\"ListItem\",\"position\":1,\"name\":\"Home\",\"item\":\"https:\/\/www.creativeireland.gov.ie\/ga\/\"},{\"@type\":\"ListItem\",\"position\":2,\"name\":\"Tairseach nua ar l\u00edne \u00c9ire Ild\u00e1nach\/Ireland.ie \u00e1 seoladh mar chuid de chuairt L\u00e1 Fh\u00e9ile P\u00e1draig ar Mheirice\u00e1\"}]},{\"@type\":\"WebSite\",\"@id\":\"https:\/\/www.creativeireland.gov.ie\/ga\/#website\",\"url\":\"https:\/\/www.creativeireland.gov.ie\/ga\/\",\"name\":\"Creative Ireland Programme\",\"description\":\"The Creative Ireland Programme is guided by a vision that every person in Ireland will have the opportunity to realise their full creative potential. It is a five year all-of-Government initiative, from 2017 to 2022, to place creativity at the centre of public policy.\",\"potentialAction\":[{\"@type\":\"SearchAction\",\"target\":{\"@type\":\"EntryPoint\",\"urlTemplate\":\"https:\/\/www.creativeireland.gov.ie\/ga\/?s={search_term_string}\"},\"query-input\":{\"@type\":\"PropertyValueSpecification\",\"valueRequired\":true,\"valueName\":\"search_term_string\"}}],\"inLanguage\":\"ga-IE\"}]}<\/script>\n<!-- \/ Yoast SEO plugin. -->","yoast_head_json":{"title":"Tairseach nua ar l\u00edne \u00c9ire Ild\u00e1nach\/Ireland.ie \u00e1 seoladh mar chuid de chuairt L\u00e1 Fh\u00e9ile P\u00e1draig ar Mheirice\u00e1 - Creative Ireland Programme","description":"Sheol an Taoiseach Enda Kenny, T.D. tairseach nua Ireland.ie inniu (D\u00e9 C\u00e9adaoin) mar chuid d\u00e1 chuairt ar na St\u00e1it Aontaithe do L\u00e1 Fh\u00e9ile P\u00e1draig. Is tionscnamh de chuid Chl\u00e1r \u00c9ire Ild\u00e1nach \u00e9 an su\u00edomh gr\u00e9as\u00e1in nua, ina gcuirtear an cult\u00far agus an chruthaitheacht i l\u00e1r an aonaigh maidir len\u00e1r mbeartas poibl\u00ed.","robots":{"index":"index","follow":"follow","max-snippet":"max-snippet:-1","max-image-preview":"max-image-preview:large","max-video-preview":"max-video-preview:-1"},"canonical":"https:\/\/www.creativeireland.gov.ie\/ga\/nuacht\/cuairt-la-fheile-padraig-ar-mheiricea\/","og_locale":"ga_IE","og_type":"article","og_title":"Tairseach nua ar l\u00edne \u00c9ire Ild\u00e1nach\/Ireland.ie \u00e1 seoladh mar chuid de chuairt L\u00e1 Fh\u00e9ile P\u00e1draig ar Mheirice\u00e1 - Creative Ireland Programme","og_description":"Sheol an Taoiseach Enda Kenny, T.D. tairseach nua Ireland.ie inniu (D\u00e9 C\u00e9adaoin) mar chuid d\u00e1 chuairt ar na St\u00e1it Aontaithe do L\u00e1 Fh\u00e9ile P\u00e1draig. Is tionscnamh de chuid Chl\u00e1r \u00c9ire Ild\u00e1nach \u00e9 an su\u00edomh gr\u00e9as\u00e1in nua, ina gcuirtear an cult\u00far agus an chruthaitheacht i l\u00e1r an aonaigh maidir len\u00e1r mbeartas poibl\u00ed.","og_url":"https:\/\/www.creativeireland.gov.ie\/ga\/nuacht\/cuairt-la-fheile-padraig-ar-mheiricea\/","og_site_name":"Creative Ireland Programme","article_publisher":"https:\/\/www.facebook.com\/CreativeIrl\/","article_modified_time":"2020-01-16T13:48:12+00:00","og_image":[{"width":1200,"height":675,"url":"https:\/\/www.creativeireland.gov.ie\/app\/uploads\/2020\/01\/This-is-Ireland.jpg","type":"image\/jpeg"}],"twitter_card":"summary_large_image","twitter_site":"@creativeirl","schema":{"@context":"https:\/\/schema.org","@graph":[{"@type":"WebPage","@id":"https:\/\/www.creativeireland.gov.ie\/ga\/nuacht\/cuairt-la-fheile-padraig-ar-mheiricea\/","url":"https:\/\/www.creativeireland.gov.ie\/ga\/nuacht\/cuairt-la-fheile-padraig-ar-mheiricea\/","name":"Tairseach nua ar l\u00edne \u00c9ire Ild\u00e1nach\/Ireland.ie \u00e1 seoladh mar chuid de chuairt L\u00e1 Fh\u00e9ile P\u00e1draig ar Mheirice\u00e1 - Creative Ireland Programme","isPartOf":{"@id":"https:\/\/www.creativeireland.gov.ie\/ga\/#website"},"primaryImageOfPage":{"@id":"https:\/\/www.creativeireland.gov.ie\/ga\/nuacht\/cuairt-la-fheile-padraig-ar-mheiricea\/#primaryimage"},"image":{"@id":"https:\/\/www.creativeireland.gov.ie\/ga\/nuacht\/cuairt-la-fheile-padraig-ar-mheiricea\/#primaryimage"},"thumbnailUrl":"https:\/\/www.creativeireland.gov.ie\/app\/uploads\/2020\/01\/This-is-Ireland.jpg","datePublished":"2017-03-15T21:47:00+00:00","dateModified":"2020-01-16T13:48:12+00:00","description":"Sheol an Taoiseach Enda Kenny, T.D. tairseach nua Ireland.ie inniu (D\u00e9 C\u00e9adaoin) mar chuid d\u00e1 chuairt ar na St\u00e1it Aontaithe do L\u00e1 Fh\u00e9ile P\u00e1draig. Is tionscnamh de chuid Chl\u00e1r \u00c9ire Ild\u00e1nach \u00e9 an su\u00edomh gr\u00e9as\u00e1in nua, ina gcuirtear an cult\u00far agus an chruthaitheacht i l\u00e1r an aonaigh maidir len\u00e1r mbeartas poibl\u00ed.","breadcrumb":{"@id":"https:\/\/www.creativeireland.gov.ie\/ga\/nuacht\/cuairt-la-fheile-padraig-ar-mheiricea\/#breadcrumb"},"inLanguage":"ga-IE","potentialAction":[{"@type":"ReadAction","target":["https:\/\/www.creativeireland.gov.ie\/ga\/nuacht\/cuairt-la-fheile-padraig-ar-mheiricea\/"]}]},{"@type":"ImageObject","inLanguage":"ga-IE","@id":"https:\/\/www.creativeireland.gov.ie\/ga\/nuacht\/cuairt-la-fheile-padraig-ar-mheiricea\/#primaryimage","url":"https:\/\/www.creativeireland.gov.ie\/app\/uploads\/2020\/01\/This-is-Ireland.jpg","contentUrl":"https:\/\/www.creativeireland.gov.ie\/app\/uploads\/2020\/01\/This-is-Ireland.jpg","width":1200,"height":675,"caption":"This is Ireland"},{"@type":"BreadcrumbList","@id":"https:\/\/www.creativeireland.gov.ie\/ga\/nuacht\/cuairt-la-fheile-padraig-ar-mheiricea\/#breadcrumb","itemListElement":[{"@type":"ListItem","position":1,"name":"Home","item":"https:\/\/www.creativeireland.gov.ie\/ga\/"},{"@type":"ListItem","position":2,"name":"Tairseach nua ar l\u00edne \u00c9ire Ild\u00e1nach\/Ireland.ie \u00e1 seoladh mar chuid de chuairt L\u00e1 Fh\u00e9ile P\u00e1draig ar Mheirice\u00e1"}]},{"@type":"WebSite","@id":"https:\/\/www.creativeireland.gov.ie\/ga\/#website","url":"https:\/\/www.creativeireland.gov.ie\/ga\/","name":"Creative Ireland Programme","description":"The Creative Ireland Programme is guided by a vision that every person in Ireland will have the opportunity to realise their full creative potential. It is a five year all-of-Government initiative, from 2017 to 2022, to place creativity at the centre of public policy.","potentialAction":[{"@type":"SearchAction","target":{"@type":"EntryPoint","urlTemplate":"https:\/\/www.creativeireland.gov.ie\/ga\/?s={search_term_string}"},"query-input":{"@type":"PropertyValueSpecification","valueRequired":true,"valueName":"search_term_string"}}],"inLanguage":"ga-IE"}]}},"_links":{"self":[{"href":"https:\/\/www.creativeireland.gov.ie\/ga\/wp-json\/wp\/v2\/news\/7291","targetHints":{"allow":["GET"]}}],"collection":[{"href":"https:\/\/www.creativeireland.gov.ie\/ga\/wp-json\/wp\/v2\/news"}],"about":[{"href":"https:\/\/www.creativeireland.gov.ie\/ga\/wp-json\/wp\/v2\/types\/news"}],"wp:featuredmedia":[{"embeddable":true,"href":"https:\/\/www.creativeireland.gov.ie\/ga\/wp-json\/wp\/v2\/media\/5233"}],"wp:attachment":[{"href":"https:\/\/www.creativeireland.gov.ie\/ga\/wp-json\/wp\/v2\/media?parent=7291"}],"wp:term":[{"taxonomy":"category","embeddable":true,"href":"https:\/\/www.creativeireland.gov.ie\/ga\/wp-json\/wp\/v2\/categories?post=7291"},{"taxonomy":"news-tags","embeddable":true,"href":"https:\/\/www.creativeireland.gov.ie\/ga\/wp-json\/wp\/v2\/news-tags?post=7291"}],"curies":[{"name":"wp","href":"https:\/\/api.w.org\/{rel}","templated":true}]}}