{"id":7307,"date":"2019-08-06T20:28:00","date_gmt":"2019-08-06T19:28:00","guid":{"rendered":"https:\/\/prod-creativeireland.zestydev.com\/news\/national-book-lovers-day\/"},"modified":"2020-01-15T15:07:36","modified_gmt":"2020-01-15T15:07:36","slug":"title-la-naisiunta-na-leabharbhach-an-luchair-a-bhaineann-le-leitheoireacht","status":"publish","type":"news","link":"https:\/\/www.creativeireland.gov.ie\/ga\/nuacht\/title-la-naisiunta-na-leabharbhach-an-luchair-a-bhaineann-le-leitheoireacht\/","title":{"rendered":"Title: L\u00e1 N\u00e1isi\u00fanta na Leabharbh\u00e1ch: An L\u00fach\u00e1ir a bhaineann le L\u00e9itheoireacht"},"content":{"rendered":"","protected":false},"featured_media":5214,"menu_order":0,"template":"page-creative-nation-basic-content.php","categories":[],"news-tags":[104,125,140],"class_list":["post-7307","news","type-news","status-publish","has-post-thumbnail","hentry","news-tags-creative-communities-ga","news-tags-literature-and-poetry-ga","news-tags-wellbeing-ga"],"acf":[],"yoast_head":"<!-- This site is optimized with the Yoast SEO plugin v25.9 - https:\/\/yoast.com\/wordpress\/plugins\/seo\/ -->\n<title>Title: L\u00e1 N\u00e1isi\u00fanta na Leabharbh\u00e1ch: An L\u00fach\u00e1ir a bhaineann le L\u00e9itheoireacht - Creative Ireland Programme<\/title>\n<meta name=\"description\" content=\"Is bre\u00e1 linn a bheith ag l\u00e9amh. Idir pr\u00f3s l\u00fabach a bh\u00edonn sna sc\u00e9ins\u00e9ir\u00ed r\u00fandiamhra agus na tailte neamh-mhap\u00e1ilte bainteach le \u00farsc\u00e9alta fantais\u00edochta, cuireann domhan na l\u00e9itheoireachta faoi gheasa muid, mar n\u00e1isi\u00fan, anseo in \u00c9irinn.\" \/>\n<meta name=\"robots\" content=\"index, follow, max-snippet:-1, max-image-preview:large, max-video-preview:-1\" \/>\n<link rel=\"canonical\" href=\"https:\/\/www.creativeireland.gov.ie\/ga\/nuacht\/title-la-naisiunta-na-leabharbhach-an-luchair-a-bhaineann-le-leitheoireacht\/\" \/>\n<meta property=\"og:locale\" content=\"ga_IE\" \/>\n<meta property=\"og:type\" content=\"article\" \/>\n<meta property=\"og:title\" content=\"Title: L\u00e1 N\u00e1isi\u00fanta na Leabharbh\u00e1ch: An L\u00fach\u00e1ir a bhaineann le L\u00e9itheoireacht - Creative Ireland Programme\" \/>\n<meta property=\"og:description\" content=\"Is bre\u00e1 linn a bheith ag l\u00e9amh. Idir pr\u00f3s l\u00fabach a bh\u00edonn sna sc\u00e9ins\u00e9ir\u00ed r\u00fandiamhra agus na tailte neamh-mhap\u00e1ilte bainteach le \u00farsc\u00e9alta fantais\u00edochta, cuireann domhan na l\u00e9itheoireachta faoi gheasa muid, mar n\u00e1isi\u00fan, anseo in \u00c9irinn.\" \/>\n<meta property=\"og:url\" content=\"https:\/\/www.creativeireland.gov.ie\/ga\/nuacht\/title-la-naisiunta-na-leabharbhach-an-luchair-a-bhaineann-le-leitheoireacht\/\" \/>\n<meta property=\"og:site_name\" content=\"Creative Ireland Programme\" \/>\n<meta property=\"article:publisher\" content=\"https:\/\/www.facebook.com\/CreativeIrl\/\" \/>\n<meta property=\"article:modified_time\" content=\"2020-01-15T15:07:36+00:00\" \/>\n<meta property=\"og:image\" content=\"https:\/\/www.creativeireland.gov.ie\/app\/uploads\/2020\/01\/Senator-Lynn-Ruane-Rick-OShea-Sarah-Fitzgerald.jpg\" \/>\n\t<meta property=\"og:image:width\" content=\"1200\" \/>\n\t<meta property=\"og:image:height\" content=\"675\" \/>\n\t<meta property=\"og:image:type\" content=\"image\/jpeg\" \/>\n<meta name=\"twitter:card\" content=\"summary_large_image\" \/>\n<meta name=\"twitter:site\" content=\"@creativeirl\" \/>\n<script type=\"application\/ld+json\" class=\"yoast-schema-graph\">{\"@context\":\"https:\/\/schema.org\",\"@graph\":[{\"@type\":\"WebPage\",\"@id\":\"https:\/\/www.creativeireland.gov.ie\/ga\/nuacht\/title-la-naisiunta-na-leabharbhach-an-luchair-a-bhaineann-le-leitheoireacht\/\",\"url\":\"https:\/\/www.creativeireland.gov.ie\/ga\/nuacht\/title-la-naisiunta-na-leabharbhach-an-luchair-a-bhaineann-le-leitheoireacht\/\",\"name\":\"Title: L\u00e1 N\u00e1isi\u00fanta na Leabharbh\u00e1ch: An L\u00fach\u00e1ir a bhaineann le L\u00e9itheoireacht - Creative Ireland Programme\",\"isPartOf\":{\"@id\":\"https:\/\/www.creativeireland.gov.ie\/ga\/#website\"},\"primaryImageOfPage\":{\"@id\":\"https:\/\/www.creativeireland.gov.ie\/ga\/nuacht\/title-la-naisiunta-na-leabharbhach-an-luchair-a-bhaineann-le-leitheoireacht\/#primaryimage\"},\"image\":{\"@id\":\"https:\/\/www.creativeireland.gov.ie\/ga\/nuacht\/title-la-naisiunta-na-leabharbhach-an-luchair-a-bhaineann-le-leitheoireacht\/#primaryimage\"},\"thumbnailUrl\":\"https:\/\/www.creativeireland.gov.ie\/app\/uploads\/2020\/01\/Senator-Lynn-Ruane-Rick-OShea-Sarah-Fitzgerald.jpg\",\"datePublished\":\"2019-08-06T19:28:00+00:00\",\"dateModified\":\"2020-01-15T15:07:36+00:00\",\"description\":\"Is bre\u00e1 linn a bheith ag l\u00e9amh. Idir pr\u00f3s l\u00fabach a bh\u00edonn sna sc\u00e9ins\u00e9ir\u00ed r\u00fandiamhra agus na tailte neamh-mhap\u00e1ilte bainteach le \u00farsc\u00e9alta fantais\u00edochta, cuireann domhan na l\u00e9itheoireachta faoi gheasa muid, mar n\u00e1isi\u00fan, anseo in \u00c9irinn.\",\"breadcrumb\":{\"@id\":\"https:\/\/www.creativeireland.gov.ie\/ga\/nuacht\/title-la-naisiunta-na-leabharbhach-an-luchair-a-bhaineann-le-leitheoireacht\/#breadcrumb\"},\"inLanguage\":\"ga-IE\",\"potentialAction\":[{\"@type\":\"ReadAction\",\"target\":[\"https:\/\/www.creativeireland.gov.ie\/ga\/nuacht\/title-la-naisiunta-na-leabharbhach-an-luchair-a-bhaineann-le-leitheoireacht\/\"]}]},{\"@type\":\"ImageObject\",\"inLanguage\":\"ga-IE\",\"@id\":\"https:\/\/www.creativeireland.gov.ie\/ga\/nuacht\/title-la-naisiunta-na-leabharbhach-an-luchair-a-bhaineann-le-leitheoireacht\/#primaryimage\",\"url\":\"https:\/\/www.creativeireland.gov.ie\/app\/uploads\/2020\/01\/Senator-Lynn-Ruane-Rick-OShea-Sarah-Fitzgerald.jpg\",\"contentUrl\":\"https:\/\/www.creativeireland.gov.ie\/app\/uploads\/2020\/01\/Senator-Lynn-Ruane-Rick-OShea-Sarah-Fitzgerald.jpg\",\"width\":1200,\"height\":675,\"caption\":\"Senator Lynn Ruane, Rick O'Shea & Sarah Fitzgerald\"},{\"@type\":\"BreadcrumbList\",\"@id\":\"https:\/\/www.creativeireland.gov.ie\/ga\/nuacht\/title-la-naisiunta-na-leabharbhach-an-luchair-a-bhaineann-le-leitheoireacht\/#breadcrumb\",\"itemListElement\":[{\"@type\":\"ListItem\",\"position\":1,\"name\":\"Home\",\"item\":\"https:\/\/www.creativeireland.gov.ie\/ga\/\"},{\"@type\":\"ListItem\",\"position\":2,\"name\":\"Title: L\u00e1 N\u00e1isi\u00fanta na Leabharbh\u00e1ch: An L\u00fach\u00e1ir a bhaineann le L\u00e9itheoireacht\"}]},{\"@type\":\"WebSite\",\"@id\":\"https:\/\/www.creativeireland.gov.ie\/ga\/#website\",\"url\":\"https:\/\/www.creativeireland.gov.ie\/ga\/\",\"name\":\"Creative Ireland Programme\",\"description\":\"The Creative Ireland Programme is guided by a vision that every person in Ireland will have the opportunity to realise their full creative potential. It is a five year all-of-Government initiative, from 2017 to 2022, to place creativity at the centre of public policy.\",\"potentialAction\":[{\"@type\":\"SearchAction\",\"target\":{\"@type\":\"EntryPoint\",\"urlTemplate\":\"https:\/\/www.creativeireland.gov.ie\/ga\/?s={search_term_string}\"},\"query-input\":{\"@type\":\"PropertyValueSpecification\",\"valueRequired\":true,\"valueName\":\"search_term_string\"}}],\"inLanguage\":\"ga-IE\"}]}<\/script>\n<!-- \/ Yoast SEO plugin. -->","yoast_head_json":{"title":"Title: L\u00e1 N\u00e1isi\u00fanta na Leabharbh\u00e1ch: An L\u00fach\u00e1ir a bhaineann le L\u00e9itheoireacht - Creative Ireland Programme","description":"Is bre\u00e1 linn a bheith ag l\u00e9amh. Idir pr\u00f3s l\u00fabach a bh\u00edonn sna sc\u00e9ins\u00e9ir\u00ed r\u00fandiamhra agus na tailte neamh-mhap\u00e1ilte bainteach le \u00farsc\u00e9alta fantais\u00edochta, cuireann domhan na l\u00e9itheoireachta faoi gheasa muid, mar n\u00e1isi\u00fan, anseo in \u00c9irinn.","robots":{"index":"index","follow":"follow","max-snippet":"max-snippet:-1","max-image-preview":"max-image-preview:large","max-video-preview":"max-video-preview:-1"},"canonical":"https:\/\/www.creativeireland.gov.ie\/ga\/nuacht\/title-la-naisiunta-na-leabharbhach-an-luchair-a-bhaineann-le-leitheoireacht\/","og_locale":"ga_IE","og_type":"article","og_title":"Title: L\u00e1 N\u00e1isi\u00fanta na Leabharbh\u00e1ch: An L\u00fach\u00e1ir a bhaineann le L\u00e9itheoireacht - Creative Ireland Programme","og_description":"Is bre\u00e1 linn a bheith ag l\u00e9amh. Idir pr\u00f3s l\u00fabach a bh\u00edonn sna sc\u00e9ins\u00e9ir\u00ed r\u00fandiamhra agus na tailte neamh-mhap\u00e1ilte bainteach le \u00farsc\u00e9alta fantais\u00edochta, cuireann domhan na l\u00e9itheoireachta faoi gheasa muid, mar n\u00e1isi\u00fan, anseo in \u00c9irinn.","og_url":"https:\/\/www.creativeireland.gov.ie\/ga\/nuacht\/title-la-naisiunta-na-leabharbhach-an-luchair-a-bhaineann-le-leitheoireacht\/","og_site_name":"Creative Ireland Programme","article_publisher":"https:\/\/www.facebook.com\/CreativeIrl\/","article_modified_time":"2020-01-15T15:07:36+00:00","og_image":[{"width":1200,"height":675,"url":"https:\/\/www.creativeireland.gov.ie\/app\/uploads\/2020\/01\/Senator-Lynn-Ruane-Rick-OShea-Sarah-Fitzgerald.jpg","type":"image\/jpeg"}],"twitter_card":"summary_large_image","twitter_site":"@creativeirl","schema":{"@context":"https:\/\/schema.org","@graph":[{"@type":"WebPage","@id":"https:\/\/www.creativeireland.gov.ie\/ga\/nuacht\/title-la-naisiunta-na-leabharbhach-an-luchair-a-bhaineann-le-leitheoireacht\/","url":"https:\/\/www.creativeireland.gov.ie\/ga\/nuacht\/title-la-naisiunta-na-leabharbhach-an-luchair-a-bhaineann-le-leitheoireacht\/","name":"Title: L\u00e1 N\u00e1isi\u00fanta na Leabharbh\u00e1ch: An L\u00fach\u00e1ir a bhaineann le L\u00e9itheoireacht - Creative Ireland Programme","isPartOf":{"@id":"https:\/\/www.creativeireland.gov.ie\/ga\/#website"},"primaryImageOfPage":{"@id":"https:\/\/www.creativeireland.gov.ie\/ga\/nuacht\/title-la-naisiunta-na-leabharbhach-an-luchair-a-bhaineann-le-leitheoireacht\/#primaryimage"},"image":{"@id":"https:\/\/www.creativeireland.gov.ie\/ga\/nuacht\/title-la-naisiunta-na-leabharbhach-an-luchair-a-bhaineann-le-leitheoireacht\/#primaryimage"},"thumbnailUrl":"https:\/\/www.creativeireland.gov.ie\/app\/uploads\/2020\/01\/Senator-Lynn-Ruane-Rick-OShea-Sarah-Fitzgerald.jpg","datePublished":"2019-08-06T19:28:00+00:00","dateModified":"2020-01-15T15:07:36+00:00","description":"Is bre\u00e1 linn a bheith ag l\u00e9amh. Idir pr\u00f3s l\u00fabach a bh\u00edonn sna sc\u00e9ins\u00e9ir\u00ed r\u00fandiamhra agus na tailte neamh-mhap\u00e1ilte bainteach le \u00farsc\u00e9alta fantais\u00edochta, cuireann domhan na l\u00e9itheoireachta faoi gheasa muid, mar n\u00e1isi\u00fan, anseo in \u00c9irinn.","breadcrumb":{"@id":"https:\/\/www.creativeireland.gov.ie\/ga\/nuacht\/title-la-naisiunta-na-leabharbhach-an-luchair-a-bhaineann-le-leitheoireacht\/#breadcrumb"},"inLanguage":"ga-IE","potentialAction":[{"@type":"ReadAction","target":["https:\/\/www.creativeireland.gov.ie\/ga\/nuacht\/title-la-naisiunta-na-leabharbhach-an-luchair-a-bhaineann-le-leitheoireacht\/"]}]},{"@type":"ImageObject","inLanguage":"ga-IE","@id":"https:\/\/www.creativeireland.gov.ie\/ga\/nuacht\/title-la-naisiunta-na-leabharbhach-an-luchair-a-bhaineann-le-leitheoireacht\/#primaryimage","url":"https:\/\/www.creativeireland.gov.ie\/app\/uploads\/2020\/01\/Senator-Lynn-Ruane-Rick-OShea-Sarah-Fitzgerald.jpg","contentUrl":"https:\/\/www.creativeireland.gov.ie\/app\/uploads\/2020\/01\/Senator-Lynn-Ruane-Rick-OShea-Sarah-Fitzgerald.jpg","width":1200,"height":675,"caption":"Senator Lynn Ruane, Rick O'Shea & Sarah Fitzgerald"},{"@type":"BreadcrumbList","@id":"https:\/\/www.creativeireland.gov.ie\/ga\/nuacht\/title-la-naisiunta-na-leabharbhach-an-luchair-a-bhaineann-le-leitheoireacht\/#breadcrumb","itemListElement":[{"@type":"ListItem","position":1,"name":"Home","item":"https:\/\/www.creativeireland.gov.ie\/ga\/"},{"@type":"ListItem","position":2,"name":"Title: L\u00e1 N\u00e1isi\u00fanta na Leabharbh\u00e1ch: An L\u00fach\u00e1ir a bhaineann le L\u00e9itheoireacht"}]},{"@type":"WebSite","@id":"https:\/\/www.creativeireland.gov.ie\/ga\/#website","url":"https:\/\/www.creativeireland.gov.ie\/ga\/","name":"Creative Ireland Programme","description":"The Creative Ireland Programme is guided by a vision that every person in Ireland will have the opportunity to realise their full creative potential. It is a five year all-of-Government initiative, from 2017 to 2022, to place creativity at the centre of public policy.","potentialAction":[{"@type":"SearchAction","target":{"@type":"EntryPoint","urlTemplate":"https:\/\/www.creativeireland.gov.ie\/ga\/?s={search_term_string}"},"query-input":{"@type":"PropertyValueSpecification","valueRequired":true,"valueName":"search_term_string"}}],"inLanguage":"ga-IE"}]}},"_links":{"self":[{"href":"https:\/\/www.creativeireland.gov.ie\/ga\/wp-json\/wp\/v2\/news\/7307","targetHints":{"allow":["GET"]}}],"collection":[{"href":"https:\/\/www.creativeireland.gov.ie\/ga\/wp-json\/wp\/v2\/news"}],"about":[{"href":"https:\/\/www.creativeireland.gov.ie\/ga\/wp-json\/wp\/v2\/types\/news"}],"wp:featuredmedia":[{"embeddable":true,"href":"https:\/\/www.creativeireland.gov.ie\/ga\/wp-json\/wp\/v2\/media\/5214"}],"wp:attachment":[{"href":"https:\/\/www.creativeireland.gov.ie\/ga\/wp-json\/wp\/v2\/media?parent=7307"}],"wp:term":[{"taxonomy":"category","embeddable":true,"href":"https:\/\/www.creativeireland.gov.ie\/ga\/wp-json\/wp\/v2\/categories?post=7307"},{"taxonomy":"news-tags","embeddable":true,"href":"https:\/\/www.creativeireland.gov.ie\/ga\/wp-json\/wp\/v2\/news-tags?post=7307"}],"curies":[{"name":"wp","href":"https:\/\/api.w.org\/{rel}","templated":true}]}}