{"id":7315,"date":"2018-02-28T13:05:41","date_gmt":"2018-02-28T13:05:41","guid":{"rendered":"https:\/\/prod-creativeireland.zestydev.com\/news\/grafton-architects-detail-plans-for-venice-biennale-at-dublin-castle\/"},"modified":"2020-01-16T13:52:13","modified_gmt":"2020-01-16T13:52:13","slug":"grafton-architects","status":"publish","type":"news","link":"https:\/\/www.creativeireland.gov.ie\/ga\/nuacht\/grafton-architects\/","title":{"rendered":"Tugann Grafton Architects mionsonra\u00ed faoi phleananna le haghaidh Biennale na Vein\u00e9ise ag Caisle\u00e1n Bhaile \u00c1tha Cliath"},"content":{"rendered":"","protected":false},"featured_media":4850,"menu_order":0,"template":"page-creative-nation-basic-content.php","categories":[],"news-tags":[127,124,115,116],"class_list":["post-7315","news","type-news","status-publish","has-post-thumbnail","hentry","news-tags-architecture-architectural-heritage-ga","news-tags-dublin-city-ga","news-tags-events-ga","news-tags-global-reputation-ga"],"acf":[],"yoast_head":"<!-- This site is optimized with the Yoast SEO plugin v25.9 - https:\/\/yoast.com\/wordpress\/plugins\/seo\/ -->\n<title>Tugann Grafton Architects mionsonra\u00ed faoi phleananna le haghaidh Biennale na Vein\u00e9ise ag Caisle\u00e1n Bhaile \u00c1tha Cliath - Creative Ireland Programme<\/title>\n<meta name=\"description\" content=\"Nochtfaidh Grafton Architects pleananna i gcomhair Biennale na Vein\u00e9ise, 2018 ag \u00f3c\u00e1id speisialta i gCaisle\u00e1n Bhaile \u00c1tha Cliath.\" \/>\n<meta name=\"robots\" content=\"index, follow, max-snippet:-1, max-image-preview:large, max-video-preview:-1\" \/>\n<link rel=\"canonical\" href=\"https:\/\/www.creativeireland.gov.ie\/ga\/nuacht\/grafton-architects\/\" \/>\n<meta property=\"og:locale\" content=\"ga_IE\" \/>\n<meta property=\"og:type\" content=\"article\" \/>\n<meta property=\"og:title\" content=\"Tugann Grafton Architects mionsonra\u00ed faoi phleananna le haghaidh Biennale na Vein\u00e9ise ag Caisle\u00e1n Bhaile \u00c1tha Cliath - Creative Ireland Programme\" \/>\n<meta property=\"og:description\" content=\"Nochtfaidh Grafton Architects pleananna i gcomhair Biennale na Vein\u00e9ise, 2018 ag \u00f3c\u00e1id speisialta i gCaisle\u00e1n Bhaile \u00c1tha Cliath.\" \/>\n<meta property=\"og:url\" content=\"https:\/\/www.creativeireland.gov.ie\/ga\/nuacht\/grafton-architects\/\" \/>\n<meta property=\"og:site_name\" content=\"Creative Ireland Programme\" \/>\n<meta property=\"article:publisher\" content=\"https:\/\/www.facebook.com\/CreativeIrl\/\" \/>\n<meta property=\"article:modified_time\" content=\"2020-01-16T13:52:13+00:00\" \/>\n<meta property=\"og:image\" content=\"https:\/\/www.creativeireland.gov.ie\/app\/uploads\/2019\/12\/Grafton-Architects-Yvonne-Farrell-and-Shelley-McNamara.-Photo-Credit-Alice-Clancy..jpg\" \/>\n\t<meta property=\"og:image:width\" content=\"1200\" \/>\n\t<meta property=\"og:image:height\" content=\"675\" \/>\n\t<meta property=\"og:image:type\" content=\"image\/jpeg\" \/>\n<meta name=\"twitter:card\" content=\"summary_large_image\" \/>\n<meta name=\"twitter:site\" content=\"@creativeirl\" \/>\n<script type=\"application\/ld+json\" class=\"yoast-schema-graph\">{\"@context\":\"https:\/\/schema.org\",\"@graph\":[{\"@type\":\"WebPage\",\"@id\":\"https:\/\/www.creativeireland.gov.ie\/ga\/nuacht\/grafton-architects\/\",\"url\":\"https:\/\/www.creativeireland.gov.ie\/ga\/nuacht\/grafton-architects\/\",\"name\":\"Tugann Grafton Architects mionsonra\u00ed faoi phleananna le haghaidh Biennale na Vein\u00e9ise ag Caisle\u00e1n Bhaile \u00c1tha Cliath - Creative Ireland Programme\",\"isPartOf\":{\"@id\":\"https:\/\/www.creativeireland.gov.ie\/ga\/#website\"},\"primaryImageOfPage\":{\"@id\":\"https:\/\/www.creativeireland.gov.ie\/ga\/nuacht\/grafton-architects\/#primaryimage\"},\"image\":{\"@id\":\"https:\/\/www.creativeireland.gov.ie\/ga\/nuacht\/grafton-architects\/#primaryimage\"},\"thumbnailUrl\":\"https:\/\/www.creativeireland.gov.ie\/app\/uploads\/2019\/12\/Grafton-Architects-Yvonne-Farrell-and-Shelley-McNamara.-Photo-Credit-Alice-Clancy..jpg\",\"datePublished\":\"2018-02-28T13:05:41+00:00\",\"dateModified\":\"2020-01-16T13:52:13+00:00\",\"description\":\"Nochtfaidh Grafton Architects pleananna i gcomhair Biennale na Vein\u00e9ise, 2018 ag \u00f3c\u00e1id speisialta i gCaisle\u00e1n Bhaile \u00c1tha Cliath.\",\"breadcrumb\":{\"@id\":\"https:\/\/www.creativeireland.gov.ie\/ga\/nuacht\/grafton-architects\/#breadcrumb\"},\"inLanguage\":\"ga-IE\",\"potentialAction\":[{\"@type\":\"ReadAction\",\"target\":[\"https:\/\/www.creativeireland.gov.ie\/ga\/nuacht\/grafton-architects\/\"]}]},{\"@type\":\"ImageObject\",\"inLanguage\":\"ga-IE\",\"@id\":\"https:\/\/www.creativeireland.gov.ie\/ga\/nuacht\/grafton-architects\/#primaryimage\",\"url\":\"https:\/\/www.creativeireland.gov.ie\/app\/uploads\/2019\/12\/Grafton-Architects-Yvonne-Farrell-and-Shelley-McNamara.-Photo-Credit-Alice-Clancy..jpg\",\"contentUrl\":\"https:\/\/www.creativeireland.gov.ie\/app\/uploads\/2019\/12\/Grafton-Architects-Yvonne-Farrell-and-Shelley-McNamara.-Photo-Credit-Alice-Clancy..jpg\",\"width\":1200,\"height\":675,\"caption\":\"Grafton Architects Yvonne Farrell and Shelley McNamara. Photo Credit Alice Clancy.\"},{\"@type\":\"BreadcrumbList\",\"@id\":\"https:\/\/www.creativeireland.gov.ie\/ga\/nuacht\/grafton-architects\/#breadcrumb\",\"itemListElement\":[{\"@type\":\"ListItem\",\"position\":1,\"name\":\"Home\",\"item\":\"https:\/\/www.creativeireland.gov.ie\/ga\/\"},{\"@type\":\"ListItem\",\"position\":2,\"name\":\"Tugann Grafton Architects mionsonra\u00ed faoi phleananna le haghaidh Biennale na Vein\u00e9ise ag Caisle\u00e1n Bhaile \u00c1tha Cliath\"}]},{\"@type\":\"WebSite\",\"@id\":\"https:\/\/www.creativeireland.gov.ie\/ga\/#website\",\"url\":\"https:\/\/www.creativeireland.gov.ie\/ga\/\",\"name\":\"Creative Ireland Programme\",\"description\":\"The Creative Ireland Programme is guided by a vision that every person in Ireland will have the opportunity to realise their full creative potential. It is a five year all-of-Government initiative, from 2017 to 2022, to place creativity at the centre of public policy.\",\"potentialAction\":[{\"@type\":\"SearchAction\",\"target\":{\"@type\":\"EntryPoint\",\"urlTemplate\":\"https:\/\/www.creativeireland.gov.ie\/ga\/?s={search_term_string}\"},\"query-input\":{\"@type\":\"PropertyValueSpecification\",\"valueRequired\":true,\"valueName\":\"search_term_string\"}}],\"inLanguage\":\"ga-IE\"}]}<\/script>\n<!-- \/ Yoast SEO plugin. -->","yoast_head_json":{"title":"Tugann Grafton Architects mionsonra\u00ed faoi phleananna le haghaidh Biennale na Vein\u00e9ise ag Caisle\u00e1n Bhaile \u00c1tha Cliath - Creative Ireland Programme","description":"Nochtfaidh Grafton Architects pleananna i gcomhair Biennale na Vein\u00e9ise, 2018 ag \u00f3c\u00e1id speisialta i gCaisle\u00e1n Bhaile \u00c1tha Cliath.","robots":{"index":"index","follow":"follow","max-snippet":"max-snippet:-1","max-image-preview":"max-image-preview:large","max-video-preview":"max-video-preview:-1"},"canonical":"https:\/\/www.creativeireland.gov.ie\/ga\/nuacht\/grafton-architects\/","og_locale":"ga_IE","og_type":"article","og_title":"Tugann Grafton Architects mionsonra\u00ed faoi phleananna le haghaidh Biennale na Vein\u00e9ise ag Caisle\u00e1n Bhaile \u00c1tha Cliath - Creative Ireland Programme","og_description":"Nochtfaidh Grafton Architects pleananna i gcomhair Biennale na Vein\u00e9ise, 2018 ag \u00f3c\u00e1id speisialta i gCaisle\u00e1n Bhaile \u00c1tha Cliath.","og_url":"https:\/\/www.creativeireland.gov.ie\/ga\/nuacht\/grafton-architects\/","og_site_name":"Creative Ireland Programme","article_publisher":"https:\/\/www.facebook.com\/CreativeIrl\/","article_modified_time":"2020-01-16T13:52:13+00:00","og_image":[{"width":1200,"height":675,"url":"https:\/\/www.creativeireland.gov.ie\/app\/uploads\/2019\/12\/Grafton-Architects-Yvonne-Farrell-and-Shelley-McNamara.-Photo-Credit-Alice-Clancy..jpg","type":"image\/jpeg"}],"twitter_card":"summary_large_image","twitter_site":"@creativeirl","schema":{"@context":"https:\/\/schema.org","@graph":[{"@type":"WebPage","@id":"https:\/\/www.creativeireland.gov.ie\/ga\/nuacht\/grafton-architects\/","url":"https:\/\/www.creativeireland.gov.ie\/ga\/nuacht\/grafton-architects\/","name":"Tugann Grafton Architects mionsonra\u00ed faoi phleananna le haghaidh Biennale na Vein\u00e9ise ag Caisle\u00e1n Bhaile \u00c1tha Cliath - Creative Ireland Programme","isPartOf":{"@id":"https:\/\/www.creativeireland.gov.ie\/ga\/#website"},"primaryImageOfPage":{"@id":"https:\/\/www.creativeireland.gov.ie\/ga\/nuacht\/grafton-architects\/#primaryimage"},"image":{"@id":"https:\/\/www.creativeireland.gov.ie\/ga\/nuacht\/grafton-architects\/#primaryimage"},"thumbnailUrl":"https:\/\/www.creativeireland.gov.ie\/app\/uploads\/2019\/12\/Grafton-Architects-Yvonne-Farrell-and-Shelley-McNamara.-Photo-Credit-Alice-Clancy..jpg","datePublished":"2018-02-28T13:05:41+00:00","dateModified":"2020-01-16T13:52:13+00:00","description":"Nochtfaidh Grafton Architects pleananna i gcomhair Biennale na Vein\u00e9ise, 2018 ag \u00f3c\u00e1id speisialta i gCaisle\u00e1n Bhaile \u00c1tha Cliath.","breadcrumb":{"@id":"https:\/\/www.creativeireland.gov.ie\/ga\/nuacht\/grafton-architects\/#breadcrumb"},"inLanguage":"ga-IE","potentialAction":[{"@type":"ReadAction","target":["https:\/\/www.creativeireland.gov.ie\/ga\/nuacht\/grafton-architects\/"]}]},{"@type":"ImageObject","inLanguage":"ga-IE","@id":"https:\/\/www.creativeireland.gov.ie\/ga\/nuacht\/grafton-architects\/#primaryimage","url":"https:\/\/www.creativeireland.gov.ie\/app\/uploads\/2019\/12\/Grafton-Architects-Yvonne-Farrell-and-Shelley-McNamara.-Photo-Credit-Alice-Clancy..jpg","contentUrl":"https:\/\/www.creativeireland.gov.ie\/app\/uploads\/2019\/12\/Grafton-Architects-Yvonne-Farrell-and-Shelley-McNamara.-Photo-Credit-Alice-Clancy..jpg","width":1200,"height":675,"caption":"Grafton Architects Yvonne Farrell and Shelley McNamara. Photo Credit Alice Clancy."},{"@type":"BreadcrumbList","@id":"https:\/\/www.creativeireland.gov.ie\/ga\/nuacht\/grafton-architects\/#breadcrumb","itemListElement":[{"@type":"ListItem","position":1,"name":"Home","item":"https:\/\/www.creativeireland.gov.ie\/ga\/"},{"@type":"ListItem","position":2,"name":"Tugann Grafton Architects mionsonra\u00ed faoi phleananna le haghaidh Biennale na Vein\u00e9ise ag Caisle\u00e1n Bhaile \u00c1tha Cliath"}]},{"@type":"WebSite","@id":"https:\/\/www.creativeireland.gov.ie\/ga\/#website","url":"https:\/\/www.creativeireland.gov.ie\/ga\/","name":"Creative Ireland Programme","description":"The Creative Ireland Programme is guided by a vision that every person in Ireland will have the opportunity to realise their full creative potential. It is a five year all-of-Government initiative, from 2017 to 2022, to place creativity at the centre of public policy.","potentialAction":[{"@type":"SearchAction","target":{"@type":"EntryPoint","urlTemplate":"https:\/\/www.creativeireland.gov.ie\/ga\/?s={search_term_string}"},"query-input":{"@type":"PropertyValueSpecification","valueRequired":true,"valueName":"search_term_string"}}],"inLanguage":"ga-IE"}]}},"_links":{"self":[{"href":"https:\/\/www.creativeireland.gov.ie\/ga\/wp-json\/wp\/v2\/news\/7315","targetHints":{"allow":["GET"]}}],"collection":[{"href":"https:\/\/www.creativeireland.gov.ie\/ga\/wp-json\/wp\/v2\/news"}],"about":[{"href":"https:\/\/www.creativeireland.gov.ie\/ga\/wp-json\/wp\/v2\/types\/news"}],"wp:featuredmedia":[{"embeddable":true,"href":"https:\/\/www.creativeireland.gov.ie\/ga\/wp-json\/wp\/v2\/media\/4850"}],"wp:attachment":[{"href":"https:\/\/www.creativeireland.gov.ie\/ga\/wp-json\/wp\/v2\/media?parent=7315"}],"wp:term":[{"taxonomy":"category","embeddable":true,"href":"https:\/\/www.creativeireland.gov.ie\/ga\/wp-json\/wp\/v2\/categories?post=7315"},{"taxonomy":"news-tags","embeddable":true,"href":"https:\/\/www.creativeireland.gov.ie\/ga\/wp-json\/wp\/v2\/news-tags?post=7315"}],"curies":[{"name":"wp","href":"https:\/\/api.w.org\/{rel}","templated":true}]}}