{"id":7394,"date":"2020-01-10T10:42:53","date_gmt":"2020-01-10T10:42:53","guid":{"rendered":"https:\/\/prod-creativeireland.zestydev.com\/news\/into-the-west-mural-launch-and-film-screenings-as-part-of-cruinniu-na-nog-2019\/"},"modified":"2021-10-13T16:13:14","modified_gmt":"2021-10-13T15:13:14","slug":"into-the-west-seoladh-murphictiuir-agus-taispeaint-scannain-mar-chuid-de-chruinniu-na-nog-2019","status":"publish","type":"news","link":"https:\/\/www.creativeireland.gov.ie\/ga\/nuacht\/into-the-west-seoladh-murphictiuir-agus-taispeaint-scannain-mar-chuid-de-chruinniu-na-nog-2019\/","title":{"rendered":"Opening a Window on the Past  L\u00e9argas ar shaol bheirt bhan cheannr\u00f3da\u00edocha as Laois: Lucy Franks agus Helen Roe"},"content":{"rendered":"","protected":false},"featured_media":16703,"menu_order":0,"template":"page-creative-nation-basic-content.php","categories":[],"news-tags":[],"class_list":["post-7394","news","type-news","status-publish","has-post-thumbnail","hentry"],"acf":[],"yoast_head":"<!-- This site is optimized with the Yoast SEO plugin v25.9 - https:\/\/yoast.com\/wordpress\/plugins\/seo\/ -->\n<title>Opening a Window on the Past L\u00e9argas ar shaol bheirt bhan cheannr\u00f3da\u00edocha as Laois: Lucy Franks agus Helen Roe - Creative Ireland Programme<\/title>\n<meta name=\"description\" content=\"Seoladh an foilseach\u00e1n staire \u00e1iti\u00fail, Opening a Window on the Past, le Stara\u00ed C\u00f3naithe Laoise 2019\/2020, Regina Dunne, ina bhfiosra\u00edtear saol bheirt bhan as Laois: Lucy Franks and Helen Roe, le linn Sheachtain Oidhreachta 2021.\" \/>\n<meta name=\"robots\" content=\"index, follow, max-snippet:-1, max-image-preview:large, max-video-preview:-1\" \/>\n<link rel=\"canonical\" href=\"https:\/\/www.creativeireland.gov.ie\/ga\/nuacht\/into-the-west-seoladh-murphictiuir-agus-taispeaint-scannain-mar-chuid-de-chruinniu-na-nog-2019\/\" \/>\n<meta property=\"og:locale\" content=\"ga_IE\" \/>\n<meta property=\"og:type\" content=\"article\" \/>\n<meta property=\"og:title\" content=\"Opening a Window on the Past L\u00e9argas ar shaol bheirt bhan cheannr\u00f3da\u00edocha as Laois: Lucy Franks agus Helen Roe - Creative Ireland Programme\" \/>\n<meta property=\"og:url\" content=\"https:\/\/www.creativeireland.gov.ie\/ga\/nuacht\/into-the-west-seoladh-murphictiuir-agus-taispeaint-scannain-mar-chuid-de-chruinniu-na-nog-2019\/\" \/>\n<meta property=\"og:site_name\" content=\"Creative Ireland Programme\" \/>\n<meta property=\"article:publisher\" content=\"https:\/\/www.facebook.com\/CreativeIrl\/\" \/>\n<meta property=\"article:modified_time\" content=\"2021-10-13T15:13:14+00:00\" \/>\n<meta property=\"og:image\" content=\"https:\/\/www.creativeireland.gov.ie\/app\/uploads\/2020\/01\/Hero-Story_Heritage-Publication2.jpg\" \/>\n\t<meta property=\"og:image:width\" content=\"2560\" \/>\n\t<meta property=\"og:image:height\" content=\"1720\" \/>\n\t<meta property=\"og:image:type\" content=\"image\/jpeg\" \/>\n<meta name=\"twitter:card\" content=\"summary_large_image\" \/>\n<meta name=\"twitter:site\" content=\"@creativeirl\" \/>\n<script type=\"application\/ld+json\" class=\"yoast-schema-graph\">{\"@context\":\"https:\/\/schema.org\",\"@graph\":[{\"@type\":\"WebPage\",\"@id\":\"https:\/\/www.creativeireland.gov.ie\/ga\/nuacht\/into-the-west-seoladh-murphictiuir-agus-taispeaint-scannain-mar-chuid-de-chruinniu-na-nog-2019\/\",\"url\":\"https:\/\/www.creativeireland.gov.ie\/ga\/nuacht\/into-the-west-seoladh-murphictiuir-agus-taispeaint-scannain-mar-chuid-de-chruinniu-na-nog-2019\/\",\"name\":\"Opening a Window on the Past L\u00e9argas ar shaol bheirt bhan cheannr\u00f3da\u00edocha as Laois: Lucy Franks agus Helen Roe - Creative Ireland Programme\",\"isPartOf\":{\"@id\":\"https:\/\/www.creativeireland.gov.ie\/ga\/#website\"},\"primaryImageOfPage\":{\"@id\":\"https:\/\/www.creativeireland.gov.ie\/ga\/nuacht\/into-the-west-seoladh-murphictiuir-agus-taispeaint-scannain-mar-chuid-de-chruinniu-na-nog-2019\/#primaryimage\"},\"image\":{\"@id\":\"https:\/\/www.creativeireland.gov.ie\/ga\/nuacht\/into-the-west-seoladh-murphictiuir-agus-taispeaint-scannain-mar-chuid-de-chruinniu-na-nog-2019\/#primaryimage\"},\"thumbnailUrl\":\"https:\/\/www.creativeireland.gov.ie\/app\/uploads\/2020\/01\/Hero-Story_Heritage-Publication2.jpg\",\"datePublished\":\"2020-01-10T10:42:53+00:00\",\"dateModified\":\"2021-10-13T15:13:14+00:00\",\"breadcrumb\":{\"@id\":\"https:\/\/www.creativeireland.gov.ie\/ga\/nuacht\/into-the-west-seoladh-murphictiuir-agus-taispeaint-scannain-mar-chuid-de-chruinniu-na-nog-2019\/#breadcrumb\"},\"inLanguage\":\"ga-IE\",\"potentialAction\":[{\"@type\":\"ReadAction\",\"target\":[\"https:\/\/www.creativeireland.gov.ie\/ga\/nuacht\/into-the-west-seoladh-murphictiuir-agus-taispeaint-scannain-mar-chuid-de-chruinniu-na-nog-2019\/\"]}]},{\"@type\":\"ImageObject\",\"inLanguage\":\"ga-IE\",\"@id\":\"https:\/\/www.creativeireland.gov.ie\/ga\/nuacht\/into-the-west-seoladh-murphictiuir-agus-taispeaint-scannain-mar-chuid-de-chruinniu-na-nog-2019\/#primaryimage\",\"url\":\"https:\/\/www.creativeireland.gov.ie\/app\/uploads\/2020\/01\/Hero-Story_Heritage-Publication2.jpg\",\"contentUrl\":\"https:\/\/www.creativeireland.gov.ie\/app\/uploads\/2020\/01\/Hero-Story_Heritage-Publication2.jpg\",\"width\":2560,\"height\":1720,\"caption\":\"Regina Dunne with guests at BloomHQ Mountrath for the launch of a new history publication 'Opening a Window on the Past' by Regina Dunne 2019\/2020 Laois Historian in Residence and Laois Libraries under the Decade of Centenaries Programme, and supported by Creative Ireland Laois as part of the Creative Ireland Programme (2017-2022) in partnership with Laois County Council. Picture: Alf Harvey.\"},{\"@type\":\"BreadcrumbList\",\"@id\":\"https:\/\/www.creativeireland.gov.ie\/ga\/nuacht\/into-the-west-seoladh-murphictiuir-agus-taispeaint-scannain-mar-chuid-de-chruinniu-na-nog-2019\/#breadcrumb\",\"itemListElement\":[{\"@type\":\"ListItem\",\"position\":1,\"name\":\"Home\",\"item\":\"https:\/\/www.creativeireland.gov.ie\/ga\/\"},{\"@type\":\"ListItem\",\"position\":2,\"name\":\"Opening a Window on the Past L\u00e9argas ar shaol bheirt bhan cheannr\u00f3da\u00edocha as Laois: Lucy Franks agus Helen Roe\"}]},{\"@type\":\"WebSite\",\"@id\":\"https:\/\/www.creativeireland.gov.ie\/ga\/#website\",\"url\":\"https:\/\/www.creativeireland.gov.ie\/ga\/\",\"name\":\"Creative Ireland Programme\",\"description\":\"The Creative Ireland Programme is guided by a vision that every person in Ireland will have the opportunity to realise their full creative potential. It is a five year all-of-Government initiative, from 2017 to 2022, to place creativity at the centre of public policy.\",\"potentialAction\":[{\"@type\":\"SearchAction\",\"target\":{\"@type\":\"EntryPoint\",\"urlTemplate\":\"https:\/\/www.creativeireland.gov.ie\/ga\/?s={search_term_string}\"},\"query-input\":{\"@type\":\"PropertyValueSpecification\",\"valueRequired\":true,\"valueName\":\"search_term_string\"}}],\"inLanguage\":\"ga-IE\"}]}<\/script>\n<!-- \/ Yoast SEO plugin. -->","yoast_head_json":{"title":"Opening a Window on the Past L\u00e9argas ar shaol bheirt bhan cheannr\u00f3da\u00edocha as Laois: Lucy Franks agus Helen Roe - Creative Ireland Programme","description":"Seoladh an foilseach\u00e1n staire \u00e1iti\u00fail, Opening a Window on the Past, le Stara\u00ed C\u00f3naithe Laoise 2019\/2020, Regina Dunne, ina bhfiosra\u00edtear saol bheirt bhan as Laois: Lucy Franks and Helen Roe, le linn Sheachtain Oidhreachta 2021.","robots":{"index":"index","follow":"follow","max-snippet":"max-snippet:-1","max-image-preview":"max-image-preview:large","max-video-preview":"max-video-preview:-1"},"canonical":"https:\/\/www.creativeireland.gov.ie\/ga\/nuacht\/into-the-west-seoladh-murphictiuir-agus-taispeaint-scannain-mar-chuid-de-chruinniu-na-nog-2019\/","og_locale":"ga_IE","og_type":"article","og_title":"Opening a Window on the Past L\u00e9argas ar shaol bheirt bhan cheannr\u00f3da\u00edocha as Laois: Lucy Franks agus Helen Roe - Creative Ireland Programme","og_url":"https:\/\/www.creativeireland.gov.ie\/ga\/nuacht\/into-the-west-seoladh-murphictiuir-agus-taispeaint-scannain-mar-chuid-de-chruinniu-na-nog-2019\/","og_site_name":"Creative Ireland Programme","article_publisher":"https:\/\/www.facebook.com\/CreativeIrl\/","article_modified_time":"2021-10-13T15:13:14+00:00","og_image":[{"width":2560,"height":1720,"url":"https:\/\/www.creativeireland.gov.ie\/app\/uploads\/2020\/01\/Hero-Story_Heritage-Publication2.jpg","type":"image\/jpeg"}],"twitter_card":"summary_large_image","twitter_site":"@creativeirl","schema":{"@context":"https:\/\/schema.org","@graph":[{"@type":"WebPage","@id":"https:\/\/www.creativeireland.gov.ie\/ga\/nuacht\/into-the-west-seoladh-murphictiuir-agus-taispeaint-scannain-mar-chuid-de-chruinniu-na-nog-2019\/","url":"https:\/\/www.creativeireland.gov.ie\/ga\/nuacht\/into-the-west-seoladh-murphictiuir-agus-taispeaint-scannain-mar-chuid-de-chruinniu-na-nog-2019\/","name":"Opening a Window on the Past L\u00e9argas ar shaol bheirt bhan cheannr\u00f3da\u00edocha as Laois: Lucy Franks agus Helen Roe - Creative Ireland Programme","isPartOf":{"@id":"https:\/\/www.creativeireland.gov.ie\/ga\/#website"},"primaryImageOfPage":{"@id":"https:\/\/www.creativeireland.gov.ie\/ga\/nuacht\/into-the-west-seoladh-murphictiuir-agus-taispeaint-scannain-mar-chuid-de-chruinniu-na-nog-2019\/#primaryimage"},"image":{"@id":"https:\/\/www.creativeireland.gov.ie\/ga\/nuacht\/into-the-west-seoladh-murphictiuir-agus-taispeaint-scannain-mar-chuid-de-chruinniu-na-nog-2019\/#primaryimage"},"thumbnailUrl":"https:\/\/www.creativeireland.gov.ie\/app\/uploads\/2020\/01\/Hero-Story_Heritage-Publication2.jpg","datePublished":"2020-01-10T10:42:53+00:00","dateModified":"2021-10-13T15:13:14+00:00","breadcrumb":{"@id":"https:\/\/www.creativeireland.gov.ie\/ga\/nuacht\/into-the-west-seoladh-murphictiuir-agus-taispeaint-scannain-mar-chuid-de-chruinniu-na-nog-2019\/#breadcrumb"},"inLanguage":"ga-IE","potentialAction":[{"@type":"ReadAction","target":["https:\/\/www.creativeireland.gov.ie\/ga\/nuacht\/into-the-west-seoladh-murphictiuir-agus-taispeaint-scannain-mar-chuid-de-chruinniu-na-nog-2019\/"]}]},{"@type":"ImageObject","inLanguage":"ga-IE","@id":"https:\/\/www.creativeireland.gov.ie\/ga\/nuacht\/into-the-west-seoladh-murphictiuir-agus-taispeaint-scannain-mar-chuid-de-chruinniu-na-nog-2019\/#primaryimage","url":"https:\/\/www.creativeireland.gov.ie\/app\/uploads\/2020\/01\/Hero-Story_Heritage-Publication2.jpg","contentUrl":"https:\/\/www.creativeireland.gov.ie\/app\/uploads\/2020\/01\/Hero-Story_Heritage-Publication2.jpg","width":2560,"height":1720,"caption":"Regina Dunne with guests at BloomHQ Mountrath for the launch of a new history publication 'Opening a Window on the Past' by Regina Dunne 2019\/2020 Laois Historian in Residence and Laois Libraries under the Decade of Centenaries Programme, and supported by Creative Ireland Laois as part of the Creative Ireland Programme (2017-2022) in partnership with Laois County Council. Picture: Alf Harvey."},{"@type":"BreadcrumbList","@id":"https:\/\/www.creativeireland.gov.ie\/ga\/nuacht\/into-the-west-seoladh-murphictiuir-agus-taispeaint-scannain-mar-chuid-de-chruinniu-na-nog-2019\/#breadcrumb","itemListElement":[{"@type":"ListItem","position":1,"name":"Home","item":"https:\/\/www.creativeireland.gov.ie\/ga\/"},{"@type":"ListItem","position":2,"name":"Opening a Window on the Past L\u00e9argas ar shaol bheirt bhan cheannr\u00f3da\u00edocha as Laois: Lucy Franks agus Helen Roe"}]},{"@type":"WebSite","@id":"https:\/\/www.creativeireland.gov.ie\/ga\/#website","url":"https:\/\/www.creativeireland.gov.ie\/ga\/","name":"Creative Ireland Programme","description":"The Creative Ireland Programme is guided by a vision that every person in Ireland will have the opportunity to realise their full creative potential. It is a five year all-of-Government initiative, from 2017 to 2022, to place creativity at the centre of public policy.","potentialAction":[{"@type":"SearchAction","target":{"@type":"EntryPoint","urlTemplate":"https:\/\/www.creativeireland.gov.ie\/ga\/?s={search_term_string}"},"query-input":{"@type":"PropertyValueSpecification","valueRequired":true,"valueName":"search_term_string"}}],"inLanguage":"ga-IE"}]}},"_links":{"self":[{"href":"https:\/\/www.creativeireland.gov.ie\/ga\/wp-json\/wp\/v2\/news\/7394","targetHints":{"allow":["GET"]}}],"collection":[{"href":"https:\/\/www.creativeireland.gov.ie\/ga\/wp-json\/wp\/v2\/news"}],"about":[{"href":"https:\/\/www.creativeireland.gov.ie\/ga\/wp-json\/wp\/v2\/types\/news"}],"wp:featuredmedia":[{"embeddable":true,"href":"https:\/\/www.creativeireland.gov.ie\/ga\/wp-json\/wp\/v2\/media\/16703"}],"wp:attachment":[{"href":"https:\/\/www.creativeireland.gov.ie\/ga\/wp-json\/wp\/v2\/media?parent=7394"}],"wp:term":[{"taxonomy":"category","embeddable":true,"href":"https:\/\/www.creativeireland.gov.ie\/ga\/wp-json\/wp\/v2\/categories?post=7394"},{"taxonomy":"news-tags","embeddable":true,"href":"https:\/\/www.creativeireland.gov.ie\/ga\/wp-json\/wp\/v2\/news-tags?post=7394"}],"curies":[{"name":"wp","href":"https:\/\/api.w.org\/{rel}","templated":true}]}}